{"id":230661,"date":"2025-09-27T10:28:04","date_gmt":"2025-09-27T17:28:04","guid":{"rendered":"https:\/\/rnoticias.com.mx\/Portal\/?p=230661"},"modified":"2025-09-27T10:28:04","modified_gmt":"2025-09-27T17:28:04","slug":"interpol-emite-la-ficha-roja-contra-exregidor-de-xalapa-por-el-caso-la-luz-del-mundo","status":"publish","type":"post","link":"https:\/\/rnoticias.com.mx\/Portal\/2025\/09\/27\/interpol-emite-la-ficha-roja-contra-exregidor-de-xalapa-por-el-caso-la-luz-del-mundo\/","title":{"rendered":"Interpol emite la Ficha Roja contra exregidor de Xalapa por el caso La Luz del Mundo"},"content":{"rendered":"<p>La\u00a0<strong>Interpol\u00a0emiti\u00f3 la\u00a0Ficha Roja\u00a0para la b\u00fasqueda y detenci\u00f3n de\u00a0Silem Garc\u00eda Pe\u00f1<\/strong>a, exregidor de Xalapa y miembro de la\u00a0iglesia La Luz del Mundo.<\/p>\n<p>Es se\u00f1alado el exfuncionario por crimen organizado,\u00a0tr\u00e1fico sexual\u00a0y\u00a0explotaci\u00f3n\u00a0infantil.<\/p>\n<p>La Ficha Roja llega despu\u00e9s de que la Corte del Distrito Sur de Nueva York girara una orden de aprehensi\u00f3n contra<strong>\u00a0Silem Garc\u00eda, Rosa Sosa y Azalia Rangel Garc\u00eda como presuntos c\u00f3mplices.<\/strong><\/p>\n<p>Autoridades de Estados Unidos hallaron que Naas\u00f3n Joaqu\u00edn Garc\u00eda, l\u00edder de La Luz Mundo,\u00a0<strong>construy\u00f3 una\u00a0empresa paralela\u00a0a la iglesia para fraguar una\u00a0red de abuso sexual\u00a0sistem\u00e1tico de\u00a0menores de edad.<\/strong><\/p>\n<p>Dicha red ten\u00eda como objetivo satisfacer a Samuel Joaqu\u00edn, padre de Naas\u00f3n Joaqu\u00edn que muri\u00f3 en 2014.<\/p>\n<p><strong>Seg\u00fan con el Departamento de Justicia de EE.UU.,\u00a0Silem Garc\u00eda Pe\u00f1a\u00a0podr\u00eda estar en\u00a0M\u00e9xico.<\/strong><\/p>\n<p>Cabe recordar que el pasado 23 de septiembre,\u00a0Naas\u00f3n Joaqu\u00edn\u00a0se declar\u00f3\u00a0no culpable\u00a0de los\u00a0seis cargos\u00a0que enfrenta ante una corte federal de\u00a0Nueva York.<\/p>\n","protected":false},"excerpt":{"rendered":"<p>La\u00a0Interpol\u00a0emiti\u00f3 la\u00a0Ficha Roja\u00a0para la b\u00fasqueda y detenci\u00f3n de\u00a0Silem Garc\u00eda Pe\u00f1a, exregidor de Xalapa y miembro de la\u00a0iglesia La Luz del Mundo. Es se\u00f1alado el exfuncionario por crimen organizado,\u00a0tr\u00e1fico sexual\u00a0y\u00a0explotaci\u00f3n\u00a0infantil. La Ficha Roja llega despu\u00e9s de que la Corte del Distrito Sur de Nueva York girara una orden de aprehensi\u00f3n contra\u00a0Silem Garc\u00eda, Rosa Sosa y Azalia [&hellip;]<\/p>\n","protected":false},"author":2,"featured_media":230662,"comment_status":"closed","ping_status":"closed","sticky":false,"template":"","format":"standard","meta":{"footnotes":""},"categories":[12870,172],"tags":[12865,12874],"class_list":["post-230661","post","type-post","status-publish","format-standard","has-post-thumbnail","hentry","category-destacadas","category-nacional","tag-destacadas","tag-nacional"],"jetpack_featured_media_url":"https:\/\/rnoticias.com.mx\/Portal\/wp-content\/uploads\/2025\/09\/0-grande.jpg","amp_enabled":true,"_links":{"self":[{"href":"https:\/\/rnoticias.com.mx\/Portal\/wp-json\/wp\/v2\/posts\/230661","targetHints":{"allow":["GET"]}}],"collection":[{"href":"https:\/\/rnoticias.com.mx\/Portal\/wp-json\/wp\/v2\/posts"}],"about":[{"href":"https:\/\/rnoticias.com.mx\/Portal\/wp-json\/wp\/v2\/types\/post"}],"author":[{"embeddable":true,"href":"https:\/\/rnoticias.com.mx\/Portal\/wp-json\/wp\/v2\/users\/2"}],"replies":[{"embeddable":true,"href":"https:\/\/rnoticias.com.mx\/Portal\/wp-json\/wp\/v2\/comments?post=230661"}],"version-history":[{"count":1,"href":"https:\/\/rnoticias.com.mx\/Portal\/wp-json\/wp\/v2\/posts\/230661\/revisions"}],"predecessor-version":[{"id":230663,"href":"https:\/\/rnoticias.com.mx\/Portal\/wp-json\/wp\/v2\/posts\/230661\/revisions\/230663"}],"wp:featuredmedia":[{"embeddable":true,"href":"https:\/\/rnoticias.com.mx\/Portal\/wp-json\/wp\/v2\/media\/230662"}],"wp:attachment":[{"href":"https:\/\/rnoticias.com.mx\/Portal\/wp-json\/wp\/v2\/media?parent=230661"}],"wp:term":[{"taxonomy":"category","embeddable":true,"href":"https:\/\/rnoticias.com.mx\/Portal\/wp-json\/wp\/v2\/categories?post=230661"},{"taxonomy":"post_tag","embeddable":true,"href":"https:\/\/rnoticias.com.mx\/Portal\/wp-json\/wp\/v2\/tags?post=230661"}],"curies":[{"name":"wp","href":"https:\/\/api.w.org\/{rel}","templated":true}]}}