{"id":230658,"date":"2025-09-27T10:26:42","date_gmt":"2025-09-27T17:26:42","guid":{"rendered":"https:\/\/rnoticias.com.mx\/Portal\/?p=230658"},"modified":"2025-09-27T10:26:42","modified_gmt":"2025-09-27T17:26:42","slug":"juez-desecha-amparo-a-nombre-de-los-hijos-de-amlo-por-improcedente","status":"publish","type":"post","link":"https:\/\/rnoticias.com.mx\/Portal\/2025\/09\/27\/juez-desecha-amparo-a-nombre-de-los-hijos-de-amlo-por-improcedente\/","title":{"rendered":"Juez desecha amparo a nombre de los hijos de AMLO por improcedente"},"content":{"rendered":"<p><strong>Carlos Rico Mondrag\u00f3n<\/strong>, juez primero de distrito en Materia Penal de la Ciudad de M\u00e9xico,\u00a0<strong>desech\u00f3 uno de los tres amparos promovidos el 16 de septiembre a nombre de los hijos del expresidente Andr\u00e9s Manuel L\u00f3pez Obrador,\u00a0<\/strong>al considerar que ya existe un recurso id\u00e9ntico en tr\u00e1mite en Zacatecas.<\/p>\n<p>De acuerdo con el diario Reforma,\u00a0<strong>el juez federal de la CDMX desech\u00f3 precis\u00f3 que la demanda fue improcedente pues fue presentada por las mismas personas y contra las mismas autoridades,\u00a0<\/strong>entre ellas la FGR y la SSPC.<\/p>\n<p>Los hijos del exmandatario, Andr\u00e9s Manuel y Gonzalo L\u00f3pez Beltr\u00e1n, negaron haber interpuesto estos recursos, a los que calificaron de\u00a0<strong>\u201cmontaje\u201d,<\/strong>\u00a0mientras que el abogado se\u00f1alado como su representante acus\u00f3 un robo de identidad.<\/p>\n<p>Las autoridades han rechazado que exista alguna orden de aprehensi\u00f3n contra los L\u00f3pez Beltr\u00e1n.<\/p>\n<p>Mientras los otros quejosos incluidos en el expediente,\u00a0<strong>como el exfuncionario aduanero C\u00e9sar Reyna Carrillo y el empresario Roberto Blanco Cant\u00fa, s\u00ed se han desistido de los amparos.<\/strong><\/p>\n<p>&nbsp;<\/p>\n<p>Fuente: PoliticoMx<\/p>\n","protected":false},"excerpt":{"rendered":"<p>Carlos Rico Mondrag\u00f3n, juez primero de distrito en Materia Penal de la Ciudad de M\u00e9xico,\u00a0desech\u00f3 uno de los tres amparos promovidos el 16 de septiembre a nombre de los hijos del expresidente Andr\u00e9s Manuel L\u00f3pez Obrador,\u00a0al considerar que ya existe un recurso id\u00e9ntico en tr\u00e1mite en Zacatecas. De acuerdo con el diario Reforma,\u00a0el juez federal [&hellip;]<\/p>\n","protected":false},"author":2,"featured_media":230659,"comment_status":"closed","ping_status":"closed","sticky":false,"template":"","format":"standard","meta":{"footnotes":""},"categories":[12870,12868],"tags":[12865,12879],"class_list":["post-230658","post","type-post","status-publish","format-standard","has-post-thumbnail","hentry","category-destacadas","category-politica","tag-destacadas","tag-politica"],"jetpack_featured_media_url":"https:\/\/rnoticias.com.mx\/Portal\/wp-content\/uploads\/2025\/09\/hijos_amlo_ordenes_aprehension.webp","amp_enabled":true,"_links":{"self":[{"href":"https:\/\/rnoticias.com.mx\/Portal\/wp-json\/wp\/v2\/posts\/230658","targetHints":{"allow":["GET"]}}],"collection":[{"href":"https:\/\/rnoticias.com.mx\/Portal\/wp-json\/wp\/v2\/posts"}],"about":[{"href":"https:\/\/rnoticias.com.mx\/Portal\/wp-json\/wp\/v2\/types\/post"}],"author":[{"embeddable":true,"href":"https:\/\/rnoticias.com.mx\/Portal\/wp-json\/wp\/v2\/users\/2"}],"replies":[{"embeddable":true,"href":"https:\/\/rnoticias.com.mx\/Portal\/wp-json\/wp\/v2\/comments?post=230658"}],"version-history":[{"count":1,"href":"https:\/\/rnoticias.com.mx\/Portal\/wp-json\/wp\/v2\/posts\/230658\/revisions"}],"predecessor-version":[{"id":230660,"href":"https:\/\/rnoticias.com.mx\/Portal\/wp-json\/wp\/v2\/posts\/230658\/revisions\/230660"}],"wp:featuredmedia":[{"embeddable":true,"href":"https:\/\/rnoticias.com.mx\/Portal\/wp-json\/wp\/v2\/media\/230659"}],"wp:attachment":[{"href":"https:\/\/rnoticias.com.mx\/Portal\/wp-json\/wp\/v2\/media?parent=230658"}],"wp:term":[{"taxonomy":"category","embeddable":true,"href":"https:\/\/rnoticias.com.mx\/Portal\/wp-json\/wp\/v2\/categories?post=230658"},{"taxonomy":"post_tag","embeddable":true,"href":"https:\/\/rnoticias.com.mx\/Portal\/wp-json\/wp\/v2\/tags?post=230658"}],"curies":[{"name":"wp","href":"https:\/\/api.w.org\/{rel}","templated":true}]}}