{"id":230637,"date":"2025-09-26T17:00:44","date_gmt":"2025-09-27T00:00:44","guid":{"rendered":"https:\/\/rnoticias.com.mx\/Portal\/?p=230637"},"modified":"2025-09-26T17:00:44","modified_gmt":"2025-09-27T00:00:44","slug":"wendy-guevara-explica-porque-los-cantantes-se-niegan-a-participar-en-lcdlfm","status":"publish","type":"post","link":"https:\/\/rnoticias.com.mx\/Portal\/2025\/09\/26\/wendy-guevara-explica-porque-los-cantantes-se-niegan-a-participar-en-lcdlfm\/","title":{"rendered":"Wendy Guevara explica porqu\u00e9 los cantantes se &#8220;niegan&#8221; a participar en LCDLFM"},"content":{"rendered":"<p>Las expectativas aumentan rumbo a la gran final de La Casa de los Famosos M\u00e9xico, luego de una temporada marcada por m\u00faltiples giros inesperados para los concursantes. No obstante,\u00a0<strong>la producci\u00f3n estar\u00eda atravesando dificultades para que figuras del medio art\u00edstico se sumen a las din\u00e1micas del reality,\u00a0<\/strong>situaci\u00f3n que fue expuesta recientemente por Wendy Guevara en una transmisi\u00f3n en vivo.<\/p>\n<h2>Artistas se reh\u00fasan a asistir al programa<\/h2>\n<p><mark>La conductora de las pre y posgalas del 24\/7 explic\u00f3 que la producci\u00f3n ha tenido complicaciones para conseguir la participaci\u00f3n de cantantes e invitados especiales.<\/mark>\u00a0Seg\u00fan relat\u00f3, esto ha sorprendido incluso a ella misma, ya que afecta tanto a los habitantes como a la audiencia, quienes esperan disfrutar de un contenido variado.<\/p>\n<p>De acuerdo con Guevara, las respuestas de los artistas suelen ser evasivas, como:<\/p>\n<p><i><strong>\u201cPor eso muchas personas no han querido apoyar, venir a cantarle a los habitantes; muchos artistas dicen \u2018mejor no, es que ahorita no puedo\u2019, pero dicen que no pueden venir a cantar por esos temas\u201d.\u00a0<\/strong><\/i><\/p>\n<p><i><strong>\u201cEs muy t\u00f3xico ya, es demasiado t\u00f3xico el reality ya, la gente se intensifica\u201d,<\/strong><\/i>\u00a0se\u00f1al\u00f3 la tambi\u00e9n integrante de Las p\u00e9rdidas.<\/p>\n<h2>Carlos Rivera y la pol\u00e9mica en redes sociales<\/h2>\n<p>Uno de los casos m\u00e1s sonados es el de Carlos Rivera,\u00a0<strong>cuya visita a La Casa de los Famosos M\u00e9xico estaba prevista como parte de la promoci\u00f3n de la nueva temporada de \u00bfQui\u00e9n es la m\u00e1scara?.\u00a0<\/strong>Sin embargo, su aparici\u00f3n fue cancelada debido a la controversia generada en redes sociales tras mostrar apoyo a la actriz Dal\u00edlah Polanco.<\/p>\n<p><i>\u201cSe dice que s\u00ed viene porque, n\u00famero uno, es la promoci\u00f3n de \u00bfQui\u00e9n es la m\u00e1scara? (&#8230;) n\u00famero dos, animar la fiesta como ya han estado bandas y, n\u00famero tres, pues \u00e9l es uno de los mejores amigos de Dal\u00edlah, entonces ser\u00e1 muy especial para ella verlo ah\u00ed\u201c,<\/i>\u00a0dijo Pablo Chagra en La Mejor FM.<\/p>\n<p>De acuerdo con la cuenta especializada en espect\u00e1culos Chamonic,\u00a0<mark>la decisi\u00f3n de su equipo estuvo motivada por los ataques que el cantante recibi\u00f3 en plataformas digitales.<\/mark><\/p>\n<p><i><strong>\u201cCarlos Rivera no ir\u00e1 a La Casa de los Famosos M\u00e9xico. \u00c9l iba a entrar para promocionar el programa \u00bfQui\u00e9n es la m\u00e1scara?, pero como muchos saben, apoya a Dal\u00edlah, la cual ha estado siendo atacada en redes sociales y a consecuencia de eso han estado atacando a Carlos Rivera\u201d,\u00a0<\/strong><\/i>public\u00f3 la p\u00e1gina.<\/p>\n<p>Las cr\u00edticas hacia el int\u00e9rprete se hicieron visibles en su m\u00e1s reciente publicaci\u00f3n, donde usuarios dejaron mensajes como:\u00a0<i>\u201cCarlos, t\u00fa eres buena persona, no te imagino apoyando a una mujer como Dal\u00edlah\u201d y \u201cNo puedo creer que est\u00e9s apoyando a Dal\u00edlah Polanco\u201d.<\/i><\/p>\n","protected":false},"excerpt":{"rendered":"<p>Las expectativas aumentan rumbo a la gran final de La Casa de los Famosos M\u00e9xico, luego de una temporada marcada por m\u00faltiples giros inesperados para los concursantes. No obstante,\u00a0la producci\u00f3n estar\u00eda atravesando dificultades para que figuras del medio art\u00edstico se sumen a las din\u00e1micas del reality,\u00a0situaci\u00f3n que fue expuesta recientemente por Wendy Guevara en una [&hellip;]<\/p>\n","protected":false},"author":2,"featured_media":230638,"comment_status":"closed","ping_status":"closed","sticky":false,"template":"","format":"standard","meta":{"footnotes":""},"categories":[12870,219],"tags":[12865,12875],"class_list":["post-230637","post","type-post","status-publish","format-standard","has-post-thumbnail","hentry","category-destacadas","category-espectaculos","tag-destacadas","tag-espectaculos"],"jetpack_featured_media_url":"https:\/\/rnoticias.com.mx\/Portal\/wp-content\/uploads\/2025\/09\/AA1MtRnp.jpeg","amp_enabled":true,"_links":{"self":[{"href":"https:\/\/rnoticias.com.mx\/Portal\/wp-json\/wp\/v2\/posts\/230637","targetHints":{"allow":["GET"]}}],"collection":[{"href":"https:\/\/rnoticias.com.mx\/Portal\/wp-json\/wp\/v2\/posts"}],"about":[{"href":"https:\/\/rnoticias.com.mx\/Portal\/wp-json\/wp\/v2\/types\/post"}],"author":[{"embeddable":true,"href":"https:\/\/rnoticias.com.mx\/Portal\/wp-json\/wp\/v2\/users\/2"}],"replies":[{"embeddable":true,"href":"https:\/\/rnoticias.com.mx\/Portal\/wp-json\/wp\/v2\/comments?post=230637"}],"version-history":[{"count":1,"href":"https:\/\/rnoticias.com.mx\/Portal\/wp-json\/wp\/v2\/posts\/230637\/revisions"}],"predecessor-version":[{"id":230639,"href":"https:\/\/rnoticias.com.mx\/Portal\/wp-json\/wp\/v2\/posts\/230637\/revisions\/230639"}],"wp:featuredmedia":[{"embeddable":true,"href":"https:\/\/rnoticias.com.mx\/Portal\/wp-json\/wp\/v2\/media\/230638"}],"wp:attachment":[{"href":"https:\/\/rnoticias.com.mx\/Portal\/wp-json\/wp\/v2\/media?parent=230637"}],"wp:term":[{"taxonomy":"category","embeddable":true,"href":"https:\/\/rnoticias.com.mx\/Portal\/wp-json\/wp\/v2\/categories?post=230637"},{"taxonomy":"post_tag","embeddable":true,"href":"https:\/\/rnoticias.com.mx\/Portal\/wp-json\/wp\/v2\/tags?post=230637"}],"curies":[{"name":"wp","href":"https:\/\/api.w.org\/{rel}","templated":true}]}}