{"id":230584,"date":"2025-09-26T11:09:39","date_gmt":"2025-09-26T18:09:39","guid":{"rendered":"https:\/\/rnoticias.com.mx\/Portal\/?p=230584"},"modified":"2025-09-26T11:09:39","modified_gmt":"2025-09-26T18:09:39","slug":"revisaran-registro-de-la-luz-del-mundo-como-iglesia-tras-detencion-de-presuntos-miembros","status":"publish","type":"post","link":"https:\/\/rnoticias.com.mx\/Portal\/2025\/09\/26\/revisaran-registro-de-la-luz-del-mundo-como-iglesia-tras-detencion-de-presuntos-miembros\/","title":{"rendered":"Revisar\u00e1n registro de La Luz del Mundo como iglesia tras detenci\u00f3n de presuntos miembros"},"content":{"rendered":"<p>La Presidenta de M\u00e9xico,\u00a0<a href=\"https:\/\/www.informador.mx\/claudia-sheinbaum-t10826\" target=\"_blank\" rel=\"noopener\"><strong>Claudia Sheinbaum<\/strong><\/a>, dijo este viernes 26 de septiembre que la Secretar\u00eda de Gobernaci\u00f3n deber\u00e1 revisar el registro como iglesia de La Luz del Mundo, tras la detenci\u00f3n de 38 personas, presuntos miembros de la pol\u00e9mica congregaci\u00f3n religiosa, en un campo clandestino de adiestramiento.<\/p>\n<p><mark><strong>&#8220;Tendr\u00eda que revisarse, hay miles de personas que pertenecen a esta iglesia y muchas son de buena voluntad, lo que hay que perseguir es el delito, eso es importante y en todo caso hay que hacer la revisi\u00f3n por parte de la Secretar\u00eda de Gobernaci\u00f3n&#8221;,<\/strong><\/mark>\u00a0se\u00f1al\u00f3 la Mandataria durante su conferencia de prensa matutina.<\/p>\n<p>El martes pasado trascendi\u00f3 que agentes de la Secretar\u00eda de Seguridad P\u00fablica (SSP) del estado de\u00a0<a href=\"https:\/\/www.informador.mx\/michoacan-t509\" target=\"_blank\" rel=\"noopener\"><strong>Michoac\u00e1n<\/strong><\/a> arrestaron a 38 hombres en un \u00e1rea de invernaderos, en el municipio de Vista Hermosa, colindante con el Estado de Jalisco.<\/p>\n<p>Los agentes de la SSP\u00a0<mark><strong>sorprendieron a los detenidos cuando supuestamente realizaban un entrenamiento t\u00e1ctico, operativo similar al que realizan las fuerzas armadas de M\u00e9xico,<\/strong><\/mark>\u00a0con una pistola calibre 9 mil\u00edmetros, 19 r\u00e9plicas de pistolas y rifles de asalto, cuchillos, navajas, vestimentas t\u00e1cticas, cascos bal\u00edsticos, equipo de c\u00f3mputo y de radiocomunicaci\u00f3n, as\u00ed como una &#8220;caja de simulaci\u00f3n de bomba casera&#8221;.<\/p>\n<p>Uno de los 38 detenidos dijo ser ciudadano de Estados Unidos, mientras que el resto afirm\u00f3 ser originarios de los estados mexicanos de Michoac\u00e1n, Jalisco, Nayarit, Estado de M\u00e9xico y Guerrero.<\/p>\n<p>Sheinbaum asegur\u00f3 este viernes que su gobierno ya est\u00e1 realizando una investigaci\u00f3n sobre las detenciones.<\/p>\n<p><mark><strong>&#8220;Lo que hubo, que fue p\u00fablico, es esta detenci\u00f3n de 38 personas presuntamente ligadas a este grupo religioso porque estaban en un entrenamiento. Entonces, se est\u00e1 haciendo la investigaci\u00f3n y por supuesto, se dar\u00e1 toda la toda informaci\u00f3n, m\u00e1s la detenci\u00f3n de su l\u00edder que est\u00e1 en Estados Unidos&#8221;,<\/strong><\/mark>\u00a0coment\u00f3.<\/p>\n<p><a href=\"https:\/\/www.informador.mx\/la-luz-del-mundo-t3292\" target=\"_blank\" rel=\"noopener\"><strong>La Luz del Mundo<\/strong><\/a>\u00a0es una iglesia cristiana fundada en Jalisco en 1926, la cual tiene seguidores en 50 pa\u00edses del mundo. Su l\u00edder, Naas\u00f3n Joaqu\u00edn Garc\u00eda, est\u00e1 detenido en Estados Unidos y el pasado 23 de septiembre se declar\u00f3 no culpable de delitos relacionados con tr\u00e1fico y explotaci\u00f3n sexual de menores.<\/p>\n<p>La iglesia, que tiene su sede internacional en Guadalajara, fue fundada en 1926 por Aar\u00f3n Joaqu\u00edn, abuelo de Naas\u00f3n. Actualmente, dice tener unos cinco millones de miembros alrededor del mundo.<\/p>\n","protected":false},"excerpt":{"rendered":"<p>La Presidenta de M\u00e9xico,\u00a0Claudia Sheinbaum, dijo este viernes 26 de septiembre que la Secretar\u00eda de Gobernaci\u00f3n deber\u00e1 revisar el registro como iglesia de La Luz del Mundo, tras la detenci\u00f3n de 38 personas, presuntos miembros de la pol\u00e9mica congregaci\u00f3n religiosa, en un campo clandestino de adiestramiento. &#8220;Tendr\u00eda que revisarse, hay miles de personas que pertenecen [&hellip;]<\/p>\n","protected":false},"author":2,"featured_media":230585,"comment_status":"closed","ping_status":"closed","sticky":false,"template":"","format":"standard","meta":{"footnotes":""},"categories":[12870,172],"tags":[12865,12874],"class_list":["post-230584","post","type-post","status-publish","format-standard","has-post-thumbnail","hentry","category-destacadas","category-nacional","tag-destacadas","tag-nacional"],"jetpack_featured_media_url":"https:\/\/rnoticias.com.mx\/Portal\/wp-content\/uploads\/2025\/09\/Graficos-LLDM.zip-12-1.png","amp_enabled":true,"_links":{"self":[{"href":"https:\/\/rnoticias.com.mx\/Portal\/wp-json\/wp\/v2\/posts\/230584","targetHints":{"allow":["GET"]}}],"collection":[{"href":"https:\/\/rnoticias.com.mx\/Portal\/wp-json\/wp\/v2\/posts"}],"about":[{"href":"https:\/\/rnoticias.com.mx\/Portal\/wp-json\/wp\/v2\/types\/post"}],"author":[{"embeddable":true,"href":"https:\/\/rnoticias.com.mx\/Portal\/wp-json\/wp\/v2\/users\/2"}],"replies":[{"embeddable":true,"href":"https:\/\/rnoticias.com.mx\/Portal\/wp-json\/wp\/v2\/comments?post=230584"}],"version-history":[{"count":1,"href":"https:\/\/rnoticias.com.mx\/Portal\/wp-json\/wp\/v2\/posts\/230584\/revisions"}],"predecessor-version":[{"id":230586,"href":"https:\/\/rnoticias.com.mx\/Portal\/wp-json\/wp\/v2\/posts\/230584\/revisions\/230586"}],"wp:featuredmedia":[{"embeddable":true,"href":"https:\/\/rnoticias.com.mx\/Portal\/wp-json\/wp\/v2\/media\/230585"}],"wp:attachment":[{"href":"https:\/\/rnoticias.com.mx\/Portal\/wp-json\/wp\/v2\/media?parent=230584"}],"wp:term":[{"taxonomy":"category","embeddable":true,"href":"https:\/\/rnoticias.com.mx\/Portal\/wp-json\/wp\/v2\/categories?post=230584"},{"taxonomy":"post_tag","embeddable":true,"href":"https:\/\/rnoticias.com.mx\/Portal\/wp-json\/wp\/v2\/tags?post=230584"}],"curies":[{"name":"wp","href":"https:\/\/api.w.org\/{rel}","templated":true}]}}