{"id":230581,"date":"2025-09-26T11:07:14","date_gmt":"2025-09-26T18:07:14","guid":{"rendered":"https:\/\/rnoticias.com.mx\/Portal\/?p=230581"},"modified":"2025-09-26T11:07:14","modified_gmt":"2025-09-26T18:07:14","slug":"duenos-de-palcos-demandan-penalmente-al-estadio-banorte","status":"publish","type":"post","link":"https:\/\/rnoticias.com.mx\/Portal\/2025\/09\/26\/duenos-de-palcos-demandan-penalmente-al-estadio-banorte\/","title":{"rendered":"Due\u00f1os de palcos demandan penalmente al Estadio Banorte"},"content":{"rendered":"<p>Los due\u00f1os de palcos del Estadio Banorte\u00a0<strong>rechazan el prerregistro y la cuota de alimentos emitidos por la FIFA, y demandan penalmente al estadio<\/strong>, a d\u00edas despu\u00e9s de que el inmueble anunciara un acuerdo para el uso de palcos en la pr\u00f3xima Copa del Mundo de la FIFA que se jugar\u00e1 en territorio mexicano.<\/p>\n<p>La novela entra los due\u00f1os de palcos, el coloso de Santa \u00darsula y la FIFA todav\u00eda esta lejos de terminar, ya que ahora se dio a conocer la demanda penal emitida por los propietarios al considerar que violaron sus derechos,\u00a0<strong>al exigirles un prerregistro y cuotas de alimentos que superan los 10 mil d\u00f3lares.<\/strong><\/p>\n<p>Las condiciones impuestas por el Estadio Banorte y la FIFA para los propietarios de palcos era realizar un registro que estaba abierto exclusivamente del 23 al 26 de septiembre y no poder ingresar ning\u00fan tipo de bebida o alimento a las instalaciones, oblig\u00e1ndolos a pagar un paquete de alimentos de 10 mil 500 d\u00f3lares por partido.<\/p>\n<p>Adem\u00e1s,\u00a0<strong>los titulares de los palcos no fueron notificados por la FIFA o por las autoridades acerca del registro, y que se enteraron por los medios de comunicaci\u00f3n.<\/strong><\/p>\n<p>&nbsp;<\/p>\n<p>&nbsp;<\/p>\n<p>Fuente: ESPN<\/p>\n","protected":false},"excerpt":{"rendered":"<p>Los due\u00f1os de palcos del Estadio Banorte\u00a0rechazan el prerregistro y la cuota de alimentos emitidos por la FIFA, y demandan penalmente al estadio, a d\u00edas despu\u00e9s de que el inmueble anunciara un acuerdo para el uso de palcos en la pr\u00f3xima Copa del Mundo de la FIFA que se jugar\u00e1 en territorio mexicano. La novela [&hellip;]<\/p>\n","protected":false},"author":2,"featured_media":230582,"comment_status":"closed","ping_status":"closed","sticky":false,"template":"","format":"standard","meta":{"footnotes":""},"categories":[188,12870],"tags":[5231,12865],"class_list":["post-230581","post","type-post","status-publish","format-standard","has-post-thumbnail","hentry","category-deportes","category-destacadas","tag-deportes","tag-destacadas"],"jetpack_featured_media_url":"https:\/\/rnoticias.com.mx\/Portal\/wp-content\/uploads\/2025\/09\/mundial_2026_estadio_banorte_palcos_plateas.jpg","amp_enabled":true,"_links":{"self":[{"href":"https:\/\/rnoticias.com.mx\/Portal\/wp-json\/wp\/v2\/posts\/230581","targetHints":{"allow":["GET"]}}],"collection":[{"href":"https:\/\/rnoticias.com.mx\/Portal\/wp-json\/wp\/v2\/posts"}],"about":[{"href":"https:\/\/rnoticias.com.mx\/Portal\/wp-json\/wp\/v2\/types\/post"}],"author":[{"embeddable":true,"href":"https:\/\/rnoticias.com.mx\/Portal\/wp-json\/wp\/v2\/users\/2"}],"replies":[{"embeddable":true,"href":"https:\/\/rnoticias.com.mx\/Portal\/wp-json\/wp\/v2\/comments?post=230581"}],"version-history":[{"count":1,"href":"https:\/\/rnoticias.com.mx\/Portal\/wp-json\/wp\/v2\/posts\/230581\/revisions"}],"predecessor-version":[{"id":230583,"href":"https:\/\/rnoticias.com.mx\/Portal\/wp-json\/wp\/v2\/posts\/230581\/revisions\/230583"}],"wp:featuredmedia":[{"embeddable":true,"href":"https:\/\/rnoticias.com.mx\/Portal\/wp-json\/wp\/v2\/media\/230582"}],"wp:attachment":[{"href":"https:\/\/rnoticias.com.mx\/Portal\/wp-json\/wp\/v2\/media?parent=230581"}],"wp:term":[{"taxonomy":"category","embeddable":true,"href":"https:\/\/rnoticias.com.mx\/Portal\/wp-json\/wp\/v2\/categories?post=230581"},{"taxonomy":"post_tag","embeddable":true,"href":"https:\/\/rnoticias.com.mx\/Portal\/wp-json\/wp\/v2\/tags?post=230581"}],"curies":[{"name":"wp","href":"https:\/\/api.w.org\/{rel}","templated":true}]}}