{"id":230577,"date":"2025-09-25T21:18:59","date_gmt":"2025-09-26T04:18:59","guid":{"rendered":"https:\/\/rnoticias.com.mx\/Portal\/?p=230577"},"modified":"2025-09-25T21:18:59","modified_gmt":"2025-09-26T04:18:59","slug":"lmp-presenta-su-temporada-2025-26-con-la-mira-puesta-en-la-aficion","status":"publish","type":"post","link":"https:\/\/rnoticias.com.mx\/Portal\/2025\/09\/25\/lmp-presenta-su-temporada-2025-26-con-la-mira-puesta-en-la-aficion\/","title":{"rendered":"LMP presenta su temporada 2025\/26 con la mira puesta en la afici\u00f3n"},"content":{"rendered":"<p>La\u00a0<strong>temporada 2025\/26<\/strong>\u00a0de la\u00a0<strong>Liga Mexicana del Pac\u00edfico\u00a0<\/strong>est\u00e1 a punto de iniciar.\u00a0Por ello, como parte de las nuevas estrategias para generar una conexi\u00f3n m\u00e1s estrecha con los aficionados y expandirse a nuevos horizontes,\u00a0este lunes se realiz\u00f3 la presentaci\u00f3n oficial de la competencia que trae consigo novedades. Esta pr\u00f3xima edici\u00f3n iniciar\u00e1 el mi\u00e9rcoles 15 de octubre.<\/p>\n<p>El evento fue liderado por <strong>Salvador Escobar<\/strong>, presidente de la LMP, quien fue el encargado de dar a conocer los detalles que, de acuerdo con sus palabras, fortalecer\u00e1 a la liga para que los fan\u00e1ticos al b\u00e9isbol invernal puedan disfrutar de una competici\u00f3n de gran calidad.<\/p>\n<p>Estamos renov\u00e1ndonos y, sobre todo, estamos evolucionando y teniendo una nueva etapa. Eso significa que vamos a ser una liga, otra vez, referente del b\u00e9isbol en M\u00e9xico y, adem\u00e1s, tener una proyecci\u00f3n internacional. Nuestros esfuerzos van a estar orientados a esa transformaci\u00f3n digital y a una modernizaci\u00f3n.\u201d<\/p>\n<p>\u201cTrabajamos en cuatro ejes. Experiencia al aficionado, fan content, digitalizaci\u00f3n y, como mencion\u00e9, internacionalizaci\u00f3n. As\u00ed queda nuestra configuraci\u00f3n como liga, con diez equipos, muchos con historia, unos m\u00e1s nuevos, unos construyendo nuevas bases de aficionados, pero esta es la nueva configuraci\u00f3n de la liga\u201d, explic\u00f3 Escobar.<\/p>\n<p>Una de las propuestas m\u00e1s interesantes es que la\u00a0LMP\u00a0se podr\u00e1 ver en todo el continente americano. A trav\u00e9s de Megacable en M\u00e9xico, mientras que\u00a0en Estados Unidos se disfrutar\u00e1 por AYM Sports, en Canad\u00e1 por Cosmo Go y para Latinoam\u00e9rica por Ola Media. Adem\u00e1s de que se mantendr\u00e1 el canal de Youtube.<\/p>\n<p>Asimismo, aprovech\u00f3 para hacer \u00e9nfasis en la integraci\u00f3n de un equipo nuevo, como lo son los\u00a0<strong>Jaguares de Nayarit<\/strong>, y la modificaci\u00f3n de plaza que se realiz\u00f3 con los\u00a0<strong>Mayos de Navojoa<\/strong>, mismos que pasaron a convertirse en\u00a0<strong>Tucson Baseball Team<\/strong>\u00a0y los cuales estar\u00e1n jugando como locales desde Arizona, Estados Unidos.<\/p>\n<p>\u201cCon la migraci\u00f3n que tuvimos de Navojoa a Tucson, ah\u00ed se empieza a construir una nueva historia y esto le agrega un nuevo ingrediente a la configuraci\u00f3n que tenemos. Tambi\u00e9n, una gran familia que est\u00e1 atr\u00e1s del proyecto de Jaguares de Nayarit y eso implica que se llegue a un estado que que hac\u00eda mucho no ten\u00eda b\u00e9isbol\u201d, se\u00f1al\u00f3 el presidente.<\/p>\n<p>Por \u00faltimo, mencion\u00f3 que, aunque se espera que\u00a0<strong>Charros de Jalisco<\/strong>\u00a0vaya por todo para coronarse por segunda ocasi\u00f3n consecutiva,\u00a0la novena\u00a0albiazul\u00a0no la tendr\u00e1 f\u00e1cil, ya que los otros nueve conjuntos har\u00e1n todo lo posible para evitarlo.<\/p>\n<p>\u201cEl problema que tendr\u00e1 Charros es que tiene nueve equipos en frente que no van a dejarlo ser bicampe\u00f3n. Hay un saborcito que ya se empieza a sentir en la mesa para la competencia y para lo que viene como liga\u201d, coment\u00f3.<\/p>\n<p>La temporada 2025\/26 de la LMP comenzar\u00e1 con el juego inaugural entre\u00a0<strong>Charros de Jalisco<\/strong>\u00a0y los\u00a0<strong>\u00c1guilas de Mexicali<\/strong>, el cual se disputar\u00e1 en en el Nido a las 22:30 horas.<\/p>\n","protected":false},"excerpt":{"rendered":"<p>La\u00a0temporada 2025\/26\u00a0de la\u00a0Liga Mexicana del Pac\u00edfico\u00a0est\u00e1 a punto de iniciar.\u00a0Por ello, como parte de las nuevas estrategias para generar una conexi\u00f3n m\u00e1s estrecha con los aficionados y expandirse a nuevos horizontes,\u00a0este lunes se realiz\u00f3 la presentaci\u00f3n oficial de la competencia que trae consigo novedades. Esta pr\u00f3xima edici\u00f3n iniciar\u00e1 el mi\u00e9rcoles 15 de octubre. El evento [&hellip;]<\/p>\n","protected":false},"author":2,"featured_media":230578,"comment_status":"closed","ping_status":"closed","sticky":false,"template":"","format":"standard","meta":{"footnotes":""},"categories":[188,12870],"tags":[5231,12865],"class_list":["post-230577","post","type-post","status-publish","format-standard","has-post-thumbnail","hentry","category-deportes","category-destacadas","tag-deportes","tag-destacadas"],"jetpack_featured_media_url":"https:\/\/rnoticias.com.mx\/Portal\/wp-content\/uploads\/2025\/09\/presidente-de-la-lmp-2025-2026-5d1f89e8-focus-0-0-610-344.jpg","amp_enabled":true,"_links":{"self":[{"href":"https:\/\/rnoticias.com.mx\/Portal\/wp-json\/wp\/v2\/posts\/230577","targetHints":{"allow":["GET"]}}],"collection":[{"href":"https:\/\/rnoticias.com.mx\/Portal\/wp-json\/wp\/v2\/posts"}],"about":[{"href":"https:\/\/rnoticias.com.mx\/Portal\/wp-json\/wp\/v2\/types\/post"}],"author":[{"embeddable":true,"href":"https:\/\/rnoticias.com.mx\/Portal\/wp-json\/wp\/v2\/users\/2"}],"replies":[{"embeddable":true,"href":"https:\/\/rnoticias.com.mx\/Portal\/wp-json\/wp\/v2\/comments?post=230577"}],"version-history":[{"count":1,"href":"https:\/\/rnoticias.com.mx\/Portal\/wp-json\/wp\/v2\/posts\/230577\/revisions"}],"predecessor-version":[{"id":230579,"href":"https:\/\/rnoticias.com.mx\/Portal\/wp-json\/wp\/v2\/posts\/230577\/revisions\/230579"}],"wp:featuredmedia":[{"embeddable":true,"href":"https:\/\/rnoticias.com.mx\/Portal\/wp-json\/wp\/v2\/media\/230578"}],"wp:attachment":[{"href":"https:\/\/rnoticias.com.mx\/Portal\/wp-json\/wp\/v2\/media?parent=230577"}],"wp:term":[{"taxonomy":"category","embeddable":true,"href":"https:\/\/rnoticias.com.mx\/Portal\/wp-json\/wp\/v2\/categories?post=230577"},{"taxonomy":"post_tag","embeddable":true,"href":"https:\/\/rnoticias.com.mx\/Portal\/wp-json\/wp\/v2\/tags?post=230577"}],"curies":[{"name":"wp","href":"https:\/\/api.w.org\/{rel}","templated":true}]}}