{"id":230560,"date":"2025-09-25T20:55:38","date_gmt":"2025-09-26T03:55:38","guid":{"rendered":"https:\/\/rnoticias.com.mx\/Portal\/?p=230560"},"modified":"2025-09-25T20:56:43","modified_gmt":"2025-09-26T03:56:43","slug":"estados-unidos-se-opondra-a-expulsar-a-israel-del-mundial-2026","status":"publish","type":"post","link":"https:\/\/rnoticias.com.mx\/Portal\/2025\/09\/25\/estados-unidos-se-opondra-a-expulsar-a-israel-del-mundial-2026\/","title":{"rendered":"Estados Unidos se opondr\u00e1 a expulsar a Israel del Mundial 2026"},"content":{"rendered":"<p>Estados Unidos, uno de los tres pa\u00edses organizadores del Mundial de f\u00fatbol de 2026, junto a M\u00e9xico y Canad\u00e1,\u00a0<strong>se opondr\u00e1 a la expulsi\u00f3n de Israel de este torneo internacional.<\/strong><\/p>\n<p>Un portavoz del departamento de Estado de Estados Unidos asegur\u00f3 a la cadena brit\u00e1nica BBC que su pa\u00eds trabajar\u00e1 para &#8220;frenar completamente cualquier intento de prohibir al equipo de f\u00fatbol de Israel participar en la Copa del Mundo&#8221;.<\/p>\n<p><strong>Israel es en estos momentos tercera de su grupo, con los mismos puntos que Italia y seis menos que Noruega, que es l\u00edder.<\/strong><\/p>\n<p>El comunicado de Estados Unidos se conoce horas despu\u00e9s de que el diario brit\u00e1nico The Times haya informado de que\u00a0<strong>la UEFA pretende reunirse la semana que viene para decidir si suspender o no a Israel de las competiciones internacionales, con &#8220;la mayor parte de los miembros del comit\u00e9 ejecutivos a favor de la suspensi\u00f3n&#8221;.<\/strong><\/p>\n<p>Esta misma semana, ocho expertos de la ONU, entre ellos la relatora para Palestina, Francesca Albanese, pidieron a la FIFA y a la UEFA que suspendan a la selecci\u00f3n israel\u00ed de las competiciones internacionales &#8220;como respuesta al genocidio en curso en el territorio palestino ocupado&#8221;.<\/p>\n<p>Los que est\u00e1n a favor de suspender a Israel toman como ejemplo lo ocurrido con Rusia, que ha quedado fuera de las competiciones europeas desde la invasi\u00f3n de Ucrania en 2022.<\/p>\n<p>En agosto, la UEFA se posicion\u00f3 en contra de la matanza de civiles y de ni\u00f1os, con una pancarta en la Supercopa de Europa entre Paris Saint Germain y Tottenham Hotspur, pero sin mencionar a Israel.<\/p>\n<p>Cuando la UEFA anunci\u00f3 el fallecimiento del futbolista Suleiman al-Obeid, conocido como el Pel\u00e9 palestino, Mohamed Salah les recrimin\u00f3 en redes sociales la falta de informaci\u00f3n sobre su muerte. &#8220;<strong>\u00bfPueden decirnos c\u00f3mo, d\u00f3nde y por qu\u00e9 muri\u00f3?&#8221;, escribi\u00f3 el jugador egipcio.<\/strong><\/p>\n<p>Al Obeid fue asesinado por las fuerzas militares israel\u00edes mientras estaba en Gaza esperando ayuda humanitaria.<\/p>\n<p>Los expertos de la ONU aclararon que el boicot &#8220;debe dirigirse al Estado de Israel y no a los jugadores individuales&#8221;, ya que estos no pueden cargar con las consecuencias de las decisiones de su gobierno, por lo que no debe haber discriminaci\u00f3n ni sanciones contra deportistas por su origen o nacionalidad.<\/p>\n<p>&#8220;Las selecciones nacionales que representan a Estados que cometen violaciones masivas de los derechos humanos s\u00ed pueden y deben ser suspendidas, como ha ocurrido en el pasado&#8221;, agregaron.<\/p>\n","protected":false},"excerpt":{"rendered":"<p>Estados Unidos, uno de los tres pa\u00edses organizadores del Mundial de f\u00fatbol de 2026, junto a M\u00e9xico y Canad\u00e1,\u00a0se opondr\u00e1 a la expulsi\u00f3n de Israel de este torneo internacional. Un portavoz del departamento de Estado de Estados Unidos asegur\u00f3 a la cadena brit\u00e1nica BBC que su pa\u00eds trabajar\u00e1 para &#8220;frenar completamente cualquier intento de prohibir [&hellip;]<\/p>\n","protected":false},"author":2,"featured_media":230564,"comment_status":"closed","ping_status":"closed","sticky":false,"template":"","format":"standard","meta":{"footnotes":""},"categories":[188,12870],"tags":[5231,12865],"class_list":["post-230560","post","type-post","status-publish","format-standard","has-post-thumbnail","hentry","category-deportes","category-destacadas","tag-deportes","tag-destacadas"],"jetpack_featured_media_url":"https:\/\/rnoticias.com.mx\/Portal\/wp-content\/uploads\/2025\/09\/Captura-de-pantalla-2025-09-25-a-las-12.51.58.webp","amp_enabled":true,"_links":{"self":[{"href":"https:\/\/rnoticias.com.mx\/Portal\/wp-json\/wp\/v2\/posts\/230560","targetHints":{"allow":["GET"]}}],"collection":[{"href":"https:\/\/rnoticias.com.mx\/Portal\/wp-json\/wp\/v2\/posts"}],"about":[{"href":"https:\/\/rnoticias.com.mx\/Portal\/wp-json\/wp\/v2\/types\/post"}],"author":[{"embeddable":true,"href":"https:\/\/rnoticias.com.mx\/Portal\/wp-json\/wp\/v2\/users\/2"}],"replies":[{"embeddable":true,"href":"https:\/\/rnoticias.com.mx\/Portal\/wp-json\/wp\/v2\/comments?post=230560"}],"version-history":[{"count":1,"href":"https:\/\/rnoticias.com.mx\/Portal\/wp-json\/wp\/v2\/posts\/230560\/revisions"}],"predecessor-version":[{"id":230562,"href":"https:\/\/rnoticias.com.mx\/Portal\/wp-json\/wp\/v2\/posts\/230560\/revisions\/230562"}],"wp:featuredmedia":[{"embeddable":true,"href":"https:\/\/rnoticias.com.mx\/Portal\/wp-json\/wp\/v2\/media\/230564"}],"wp:attachment":[{"href":"https:\/\/rnoticias.com.mx\/Portal\/wp-json\/wp\/v2\/media?parent=230560"}],"wp:term":[{"taxonomy":"category","embeddable":true,"href":"https:\/\/rnoticias.com.mx\/Portal\/wp-json\/wp\/v2\/categories?post=230560"},{"taxonomy":"post_tag","embeddable":true,"href":"https:\/\/rnoticias.com.mx\/Portal\/wp-json\/wp\/v2\/tags?post=230560"}],"curies":[{"name":"wp","href":"https:\/\/api.w.org\/{rel}","templated":true}]}}