{"id":230557,"date":"2025-09-25T19:20:46","date_gmt":"2025-09-26T02:20:46","guid":{"rendered":"https:\/\/rnoticias.com.mx\/Portal\/?p=230557"},"modified":"2025-09-25T19:21:39","modified_gmt":"2025-09-26T02:21:39","slug":"amores-perros-celebrara-sus-25-anos-con-proyeccion-en-bellas-artes","status":"publish","type":"post","link":"https:\/\/rnoticias.com.mx\/Portal\/2025\/09\/25\/amores-perros-celebrara-sus-25-anos-con-proyeccion-en-bellas-artes\/","title":{"rendered":"&#8216;Amores Perros&#8217; celebrar\u00e1 sus 25 a\u00f1os con proyecci\u00f3n en Bellas Artes"},"content":{"rendered":"<p>La emblem\u00e1tica cinta<strong>\u00a0\u2018Amores Perros\u2019<\/strong>, que conmemora<strong>\u00a025 a\u00f1os de su estreno,<\/strong>\u00a0celebrar\u00e1 este aniversario con una proyecci\u00f3n \u00fanica en el\u00a0<strong>Palacio de Bellas Artes,<\/strong>\u00a0uno de los recintos culturales m\u00e1s importantes de M\u00e9xico, inform\u00f3 este jueves la Secretar\u00eda de Cultura federal.<\/p>\n<p>En un comunicado, la dependencia explic\u00f3 que la funci\u00f3n se realizar\u00e1 el pr\u00f3ximo<strong>\u00a0lunes 6 de octubre<\/strong>, a las 19:00 hora (tiempo del Centro de M\u00e9xico) en el recinto que proyectar\u00e1 la versi\u00f3n con restauraci\u00f3n de imagen y sonido que realizaron Criterion Collection, Estudio M\u00e9xico Films y Altavista Films, a partir del negativo original de c\u00e1mara de 35 mm, con escaneo a una resoluci\u00f3n 4K de 16 bits.<\/p>\n<p>Explic\u00f3 que la supervisi\u00f3n y aprobaci\u00f3n del color se realiz\u00f3 por parte del director,\u00a0<strong>Alejandro Gonz\u00e1lez I\u00f1\u00e1rritu<\/strong>, ganador de cuatro premios Oscar, as\u00ed como del responsable de fotograf\u00eda, Rodrigo Priteo.<\/p>\n<p>\u201cPosterior a la funci\u00f3n, el compositor y m\u00fasico<strong>\u00a0Gustavo Santaolalla<\/strong>\u00a0ofrecer\u00e1 un\u00a0<strong>concierto en el que interpretar\u00e1 parte de la m\u00fasica<\/strong>\u00a0que acompa\u00f1\u00f3 momentos clave del filme, as\u00ed como otras de sus obras\u201d, apunt\u00f3 el comunicado.<\/p>\n<p>Amores Perros es la \u00f3pera prima del director Alejandro Gonz\u00e1lez I\u00f1\u00e1rritu, con gui\u00f3n de Guillermo Arriaga y protagonizada por Emilio Echevarr\u00eda, Gael Garc\u00eda Bernal, Vanessa Bauche, Adriana Barraza, Humberto Busto y \u00c1lvaro Guerrero.<\/p>\n<p>Fue galardonada con 11 premios\u00a0<strong>Ariel,<\/strong>\u00a0incluidos Mejor Pel\u00edcula y Mejor Director.<\/p>\n<p>A nivel internacional, obtuvo el premio\u00a0<strong>BAFTA<\/strong>\u00a0a Mejor Pel\u00edcula en Lengua no Inglesa, as\u00ed como el premio de la cr\u00edtica del<strong>\u00a0Festival de Cine de Cannes<\/strong>. Adem\u00e1s, recibi\u00f3 una nominaci\u00f3n al\u00a0<strong>Oscar como Mejor Pel\u00edcula de Habla no Inglesa<\/strong>.<\/p>\n<p>&nbsp;<\/p>\n","protected":false},"excerpt":{"rendered":"<p>La emblem\u00e1tica cinta\u00a0\u2018Amores Perros\u2019, que conmemora\u00a025 a\u00f1os de su estreno,\u00a0celebrar\u00e1 este aniversario con una proyecci\u00f3n \u00fanica en el\u00a0Palacio de Bellas Artes,\u00a0uno de los recintos culturales m\u00e1s importantes de M\u00e9xico, inform\u00f3 este jueves la Secretar\u00eda de Cultura federal. En un comunicado, la dependencia explic\u00f3 que la funci\u00f3n se realizar\u00e1 el pr\u00f3ximo\u00a0lunes 6 de octubre, a las [&hellip;]<\/p>\n","protected":false},"author":2,"featured_media":230558,"comment_status":"closed","ping_status":"closed","sticky":false,"template":"","format":"standard","meta":{"footnotes":""},"categories":[12870,219],"tags":[12865,12875],"class_list":["post-230557","post","type-post","status-publish","format-standard","has-post-thumbnail","hentry","category-destacadas","category-espectaculos","tag-destacadas","tag-espectaculos"],"jetpack_featured_media_url":"https:\/\/rnoticias.com.mx\/Portal\/wp-content\/uploads\/2025\/09\/amores-perros-reestreno-mexico-25-aniversario.webp","amp_enabled":true,"_links":{"self":[{"href":"https:\/\/rnoticias.com.mx\/Portal\/wp-json\/wp\/v2\/posts\/230557","targetHints":{"allow":["GET"]}}],"collection":[{"href":"https:\/\/rnoticias.com.mx\/Portal\/wp-json\/wp\/v2\/posts"}],"about":[{"href":"https:\/\/rnoticias.com.mx\/Portal\/wp-json\/wp\/v2\/types\/post"}],"author":[{"embeddable":true,"href":"https:\/\/rnoticias.com.mx\/Portal\/wp-json\/wp\/v2\/users\/2"}],"replies":[{"embeddable":true,"href":"https:\/\/rnoticias.com.mx\/Portal\/wp-json\/wp\/v2\/comments?post=230557"}],"version-history":[{"count":1,"href":"https:\/\/rnoticias.com.mx\/Portal\/wp-json\/wp\/v2\/posts\/230557\/revisions"}],"predecessor-version":[{"id":230559,"href":"https:\/\/rnoticias.com.mx\/Portal\/wp-json\/wp\/v2\/posts\/230557\/revisions\/230559"}],"wp:featuredmedia":[{"embeddable":true,"href":"https:\/\/rnoticias.com.mx\/Portal\/wp-json\/wp\/v2\/media\/230558"}],"wp:attachment":[{"href":"https:\/\/rnoticias.com.mx\/Portal\/wp-json\/wp\/v2\/media?parent=230557"}],"wp:term":[{"taxonomy":"category","embeddable":true,"href":"https:\/\/rnoticias.com.mx\/Portal\/wp-json\/wp\/v2\/categories?post=230557"},{"taxonomy":"post_tag","embeddable":true,"href":"https:\/\/rnoticias.com.mx\/Portal\/wp-json\/wp\/v2\/tags?post=230557"}],"curies":[{"name":"wp","href":"https:\/\/api.w.org\/{rel}","templated":true}]}}