{"id":230554,"date":"2025-09-25T19:18:35","date_gmt":"2025-09-26T02:18:35","guid":{"rendered":"https:\/\/rnoticias.com.mx\/Portal\/?p=230554"},"modified":"2025-09-25T19:18:35","modified_gmt":"2025-09-26T02:18:35","slug":"ocho-grupos-latinos-piden-al-congreso-proteccion-frente-a-redadas-migratorias-en-ee-uu","status":"publish","type":"post","link":"https:\/\/rnoticias.com.mx\/Portal\/2025\/09\/25\/ocho-grupos-latinos-piden-al-congreso-proteccion-frente-a-redadas-migratorias-en-ee-uu\/","title":{"rendered":"Ocho grupos latinos piden al Congreso protecci\u00f3n frente a redadas migratorias en EE.UU."},"content":{"rendered":"<p>Una coalici\u00f3n de ocho organizaciones\u00a0<strong>latinas por los derechos civiles rog\u00f3 este jueves en una carta al Congreso de Estados Unidos que proteja a las familias migrante<\/strong>s y garantice que las leyes migratorias respeten la Constituci\u00f3n, evitando abusos por parte de los agentes de Inmigraci\u00f3n.<\/p>\n<p><strong>&#8220;La comunidad de derechos civiles est\u00e1 profundamente alarmada y preocupada porque la escalada de deportaciones masivas por parte de la Administraci\u00f3n Trump no solo est\u00e1 separando familias y debilitando la econom\u00eda, sino que tambi\u00e9n est\u00e1 socavando los derechos fundamentales de todos en este pa\u00eds&#8221;<\/strong>, afirm\u00f3 en la carta la presidenta de UnidosUS, Janet Murgu\u00eda.<\/p>\n<p>La misiva est\u00e1 dirigida a los Comit\u00e9s de Asignaciones de la C\u00e1mara de Representantes y del Senado a escasos d\u00edas de que la ley de financiaci\u00f3n del Gobierno estadounidense expire el pr\u00f3ximo 30 de septiembre, lo que podr\u00eda implicar un cierre parcial de la Administraci\u00f3n.<\/p>\n<p>La coalici\u00f3n inst\u00f3 por esta raz\u00f3n a que ambos comit\u00e9s soliciten\u00a0<strong>&#8220;a la adopci\u00f3n de enmiendas cruciales para restablecer la rendici\u00f3n de cuentas en la aplicaci\u00f3n de la ley migratoria en los pr\u00f3ximos proyectos de ley de financiaci\u00f3n del Departamento de Seguridad Nacional (DHS, en ingl\u00e9s)&#8221;.<\/strong><\/p>\n<p>Este departamento es el responsable del Servicio de Inmigraci\u00f3n y Control de Aduanas (ICE, en ingl\u00e9s), que est\u00e1 detr\u00e1s de las redadas contra migrantes por todo el pa\u00eds.<\/p>\n<p>Entre las enmiendas sugeridas, la carta mencion\u00f3 la necesidad de proteger a los ciudadanos de los abusos de los que son v\u00edctimas, prevenir la deportaci\u00f3n de los ni\u00f1os o establecer protecciones espec\u00edficas par<strong>a &#8220;lugares sensibles&#8221;\u00a0<\/strong>como escuelas, lugares de culto o centros m\u00e9dicos.<\/p>\n<p>Adem\u00e1s, pidi\u00f3 prohibir el uso de m\u00e1scaras a los agentes federales y exigirles portar c\u00e1maras corporales con im\u00e1genes que sean de acceso p\u00fablico, prohibir el uso de datos administrativos para las redadas, fortalecer la transparencia en los acuerdos de reclutamiento del ICE o garantizar el acceso de miembros del Congreso a los centros de detenci\u00f3n para migrantes, entre otros asuntos.<\/p>\n<p>Seg\u00fan la coalici\u00f3n, las<strong>\u00a0&#8220;deportaciones masivas indiscriminadas&#8221;\u00a0<\/strong>tienen un profundo impacto sobre la sociedad estadounidense, separando familias, da\u00f1ando a las peque\u00f1as empresas cuyos trabajadores son arrestados y erosionando la confianza entre los migrantes y las autoridades locales.<\/p>\n<p><strong>&#8220;La ret\u00f3rica antilatina se ha convertido en un arma para crear pol\u00edticas peligrosas que atacan a nuestras comunidades, privan de derechos y socavan la esencia misma de nuestra democracia&#8221;,<\/strong>\u00a0mencion\u00f3 la coalici\u00f3n, que adem\u00e1s de UnidosUS est\u00e1 compuesta por Aqu\u00ed: The Accountability Movement, Hispanic Federation, Latino Victory Project, LatinoJustice PRLDEF, League of United Latin American Citizens (LULAC), Mi Familia Vota y United Farm Workers.<\/p>\n","protected":false},"excerpt":{"rendered":"<p>Una coalici\u00f3n de ocho organizaciones\u00a0latinas por los derechos civiles rog\u00f3 este jueves en una carta al Congreso de Estados Unidos que proteja a las familias migrantes y garantice que las leyes migratorias respeten la Constituci\u00f3n, evitando abusos por parte de los agentes de Inmigraci\u00f3n. &#8220;La comunidad de derechos civiles est\u00e1 profundamente alarmada y preocupada porque [&hellip;]<\/p>\n","protected":false},"author":2,"featured_media":230555,"comment_status":"closed","ping_status":"closed","sticky":false,"template":"","format":"standard","meta":{"footnotes":""},"categories":[12870,182],"tags":[12865,12871],"class_list":["post-230554","post","type-post","status-publish","format-standard","has-post-thumbnail","hentry","category-destacadas","category-internacional","tag-destacadas","tag-internacional"],"jetpack_featured_media_url":"https:\/\/rnoticias.com.mx\/Portal\/wp-content\/uploads\/2025\/09\/redadas_migrantes_congreso_proteccion_consular.jpg","amp_enabled":true,"_links":{"self":[{"href":"https:\/\/rnoticias.com.mx\/Portal\/wp-json\/wp\/v2\/posts\/230554","targetHints":{"allow":["GET"]}}],"collection":[{"href":"https:\/\/rnoticias.com.mx\/Portal\/wp-json\/wp\/v2\/posts"}],"about":[{"href":"https:\/\/rnoticias.com.mx\/Portal\/wp-json\/wp\/v2\/types\/post"}],"author":[{"embeddable":true,"href":"https:\/\/rnoticias.com.mx\/Portal\/wp-json\/wp\/v2\/users\/2"}],"replies":[{"embeddable":true,"href":"https:\/\/rnoticias.com.mx\/Portal\/wp-json\/wp\/v2\/comments?post=230554"}],"version-history":[{"count":1,"href":"https:\/\/rnoticias.com.mx\/Portal\/wp-json\/wp\/v2\/posts\/230554\/revisions"}],"predecessor-version":[{"id":230556,"href":"https:\/\/rnoticias.com.mx\/Portal\/wp-json\/wp\/v2\/posts\/230554\/revisions\/230556"}],"wp:featuredmedia":[{"embeddable":true,"href":"https:\/\/rnoticias.com.mx\/Portal\/wp-json\/wp\/v2\/media\/230555"}],"wp:attachment":[{"href":"https:\/\/rnoticias.com.mx\/Portal\/wp-json\/wp\/v2\/media?parent=230554"}],"wp:term":[{"taxonomy":"category","embeddable":true,"href":"https:\/\/rnoticias.com.mx\/Portal\/wp-json\/wp\/v2\/categories?post=230554"},{"taxonomy":"post_tag","embeddable":true,"href":"https:\/\/rnoticias.com.mx\/Portal\/wp-json\/wp\/v2\/tags?post=230554"}],"curies":[{"name":"wp","href":"https:\/\/api.w.org\/{rel}","templated":true}]}}