{"id":230472,"date":"2025-09-25T18:05:32","date_gmt":"2025-09-26T01:05:32","guid":{"rendered":"https:\/\/rnoticias.com.mx\/Portal\/?p=230472"},"modified":"2025-09-25T18:13:37","modified_gmt":"2025-09-26T01:13:37","slug":"se-realiza-en-hermosillo-1er-congreso-hotelero-empresarial-y-turistico","status":"publish","type":"post","link":"https:\/\/rnoticias.com.mx\/Portal\/2025\/09\/25\/se-realiza-en-hermosillo-1er-congreso-hotelero-empresarial-y-turistico\/","title":{"rendered":"Se realiza en Hermosillo 1er Congreso Hotelero Empresarial y Tur\u00edstico"},"content":{"rendered":"<p>En el marco del primer Congreso Hotelero, Empresarial y Tur\u00edstico, el presidente de la Asociaci\u00f3n Mexicana de Hoteles y Moteles de Sonora, Francisco Javier Lazo Castro, se\u00f1al\u00f3 que el encuentro responde a la necesidad de unir al sector tur\u00edstico para generar estrategias distintas que permitan mejores resultados.<\/p>\n<p>&nbsp;<\/p>\n<p>Explic\u00f3 que el congreso busca compartir experiencias exitosas de otras regiones y que Hermosillo pueda seguir creciendo como plaza en materia tur\u00edstica<\/p>\n<p>&nbsp;<\/p>\n<p>\u201cCreo que ya era una urgencia que nuestro sector se uniera, viendo aqu\u00ed a turoperadores, hoteleros, restauranteros.\u00a0Creo que es una gran satisfacci\u00f3n y esperemos que podamos seguir concretando esto a\u00f1o con a\u00f1o, porque son muchos los temas importantes que nuestro sector demanda. Y si queremos resultados diferentes, pues hay que hacer estrategias diferentes donde todos estemos apoy\u00e1ndonos unos a nosotros\u201d, dijo.<\/p>\n<p>&nbsp;<\/p>\n<p>Por su parte, el secretario de Econom\u00eda y Turismo, Roberto Gradillas Pineda, reconoci\u00f3 el liderazgo de Laso y subray\u00f3 que el turismo se ha consolidado como un motor de crecimiento en Sonora.<\/p>\n<p>&nbsp;<\/p>\n<p>Nada m\u00e1s un dato que sea relevante, un gran a\u00f1o, dos mil veinticuatro, pero aumentamos en veintiuno punto cinco por ciento. Ya son ciento quince familias las que dependen del subsector restaurantero aqu\u00ed en Sonora.\u00a0Hoy Sonora genera un crecimiento en empleabilidad, en desarrollo econ\u00f3mico y un crecimiento tangible gracias al sector tur\u00edstico\u201d, finaliz\u00f3.<\/p>\n<p>&nbsp;<\/p>\n","protected":false},"excerpt":{"rendered":"<p>En el marco del primer Congreso Hotelero, Empresarial y Tur\u00edstico, el presidente de la Asociaci\u00f3n Mexicana de Hoteles y Moteles de Sonora, Francisco Javier Lazo Castro, se\u00f1al\u00f3 que el encuentro responde a la necesidad de unir al sector tur\u00edstico para generar estrategias distintas que permitan mejores resultados. &nbsp; Explic\u00f3 que el congreso busca compartir experiencias [&hellip;]<\/p>\n","protected":false},"author":2,"featured_media":230473,"comment_status":"closed","ping_status":"closed","sticky":false,"template":"","format":"standard","meta":{"footnotes":""},"categories":[12870,178],"tags":[12865,12869],"class_list":["post-230472","post","type-post","status-publish","format-standard","has-post-thumbnail","hentry","category-destacadas","category-local","tag-destacadas","tag-local"],"jetpack_featured_media_url":"https:\/\/rnoticias.com.mx\/Portal\/wp-content\/uploads\/2025\/09\/6bb4f3b5-b2ba-4fd5-8936-92496d5765e9.jpeg","amp_enabled":true,"_links":{"self":[{"href":"https:\/\/rnoticias.com.mx\/Portal\/wp-json\/wp\/v2\/posts\/230472","targetHints":{"allow":["GET"]}}],"collection":[{"href":"https:\/\/rnoticias.com.mx\/Portal\/wp-json\/wp\/v2\/posts"}],"about":[{"href":"https:\/\/rnoticias.com.mx\/Portal\/wp-json\/wp\/v2\/types\/post"}],"author":[{"embeddable":true,"href":"https:\/\/rnoticias.com.mx\/Portal\/wp-json\/wp\/v2\/users\/2"}],"replies":[{"embeddable":true,"href":"https:\/\/rnoticias.com.mx\/Portal\/wp-json\/wp\/v2\/comments?post=230472"}],"version-history":[{"count":1,"href":"https:\/\/rnoticias.com.mx\/Portal\/wp-json\/wp\/v2\/posts\/230472\/revisions"}],"predecessor-version":[{"id":230474,"href":"https:\/\/rnoticias.com.mx\/Portal\/wp-json\/wp\/v2\/posts\/230472\/revisions\/230474"}],"wp:featuredmedia":[{"embeddable":true,"href":"https:\/\/rnoticias.com.mx\/Portal\/wp-json\/wp\/v2\/media\/230473"}],"wp:attachment":[{"href":"https:\/\/rnoticias.com.mx\/Portal\/wp-json\/wp\/v2\/media?parent=230472"}],"wp:term":[{"taxonomy":"category","embeddable":true,"href":"https:\/\/rnoticias.com.mx\/Portal\/wp-json\/wp\/v2\/categories?post=230472"},{"taxonomy":"post_tag","embeddable":true,"href":"https:\/\/rnoticias.com.mx\/Portal\/wp-json\/wp\/v2\/tags?post=230472"}],"curies":[{"name":"wp","href":"https:\/\/api.w.org\/{rel}","templated":true}]}}