{"id":230463,"date":"2025-09-25T17:47:02","date_gmt":"2025-09-26T00:47:02","guid":{"rendered":"https:\/\/rnoticias.com.mx\/Portal\/?p=230463"},"modified":"2025-09-25T17:47:02","modified_gmt":"2025-09-26T00:47:02","slug":"invitan-a-jornada-de-reforestacion-en-el-futuro-bosque-memorial-de-hermosillo","status":"publish","type":"post","link":"https:\/\/rnoticias.com.mx\/Portal\/2025\/09\/25\/invitan-a-jornada-de-reforestacion-en-el-futuro-bosque-memorial-de-hermosillo\/","title":{"rendered":"Invitan a jornada de reforestaci\u00f3n en el futuro Bosque Memorial de Hermosillo"},"content":{"rendered":"<p>Este s\u00e1bado a las 6:30 de la ma\u00f1ana, integrantes de Unique People, junto al colectivo Caminantes del Desierto, realizar\u00e1n una jornada de reforestaci\u00f3n en el Pante\u00f3n Ya\u00f1ez, espacio que est\u00e1 en proceso de convertirse en el Bosque Memorial.<\/p>\n<p>&nbsp;<\/p>\n<p>Iv\u00e1n Maz\u00f3n, integrante de Unique People, inform\u00f3 que se contempla la siembra de alrededor de 30 \u00e1rboles con el apoyo de voluntarios, cada uno responsable de plantar y dar seguimiento a su ejemplar.<\/p>\n<p>&nbsp;<\/p>\n<p>Y pues la invitaci\u00f3n es el p\u00fablico\u00a0general, a quien se quiera unir a nosotros, este s\u00e1bado, repito, a las seis y media de la ma\u00f1ana, lo puede hacer con todo el gusto, puede llevar su arbolito, que puede incluso solicitar en el\u00a0vivero municipal de forma gratuita, o incluso hay viveros que los venden desde 80 pesos hasta 120\u00a0m\u00e1s o menos aproximadamente, y pues la idea es que cada quien nos hagamos responsable a un\u00a0arbolito que lo llevemos a plantar ah\u00ed\u201d, coment\u00f3.<\/p>\n<p>&nbsp;<\/p>\n<p>El proceso ser\u00e1 guiado por especialistas de Caminantes del Desierto, quienes explicar\u00e1n las t\u00e9cnicas de plantaci\u00f3n y cuidado, incluyendo el uso de tubos de soporte para proteger a los arbolitos.<\/p>\n<p>&nbsp;<\/p>\n","protected":false},"excerpt":{"rendered":"<p>Este s\u00e1bado a las 6:30 de la ma\u00f1ana, integrantes de Unique People, junto al colectivo Caminantes del Desierto, realizar\u00e1n una jornada de reforestaci\u00f3n en el Pante\u00f3n Ya\u00f1ez, espacio que est\u00e1 en proceso de convertirse en el Bosque Memorial. &nbsp; Iv\u00e1n Maz\u00f3n, integrante de Unique People, inform\u00f3 que se contempla la siembra de alrededor de 30 [&hellip;]<\/p>\n","protected":false},"author":2,"featured_media":230464,"comment_status":"closed","ping_status":"closed","sticky":false,"template":"","format":"standard","meta":{"footnotes":""},"categories":[12870,178],"tags":[12865,12869],"class_list":["post-230463","post","type-post","status-publish","format-standard","has-post-thumbnail","hentry","category-destacadas","category-local","tag-destacadas","tag-local"],"jetpack_featured_media_url":"https:\/\/rnoticias.com.mx\/Portal\/wp-content\/uploads\/2025\/09\/24c3586c-26a4-45d9-953b-f4871b2f2b77.jpeg","amp_enabled":true,"_links":{"self":[{"href":"https:\/\/rnoticias.com.mx\/Portal\/wp-json\/wp\/v2\/posts\/230463","targetHints":{"allow":["GET"]}}],"collection":[{"href":"https:\/\/rnoticias.com.mx\/Portal\/wp-json\/wp\/v2\/posts"}],"about":[{"href":"https:\/\/rnoticias.com.mx\/Portal\/wp-json\/wp\/v2\/types\/post"}],"author":[{"embeddable":true,"href":"https:\/\/rnoticias.com.mx\/Portal\/wp-json\/wp\/v2\/users\/2"}],"replies":[{"embeddable":true,"href":"https:\/\/rnoticias.com.mx\/Portal\/wp-json\/wp\/v2\/comments?post=230463"}],"version-history":[{"count":1,"href":"https:\/\/rnoticias.com.mx\/Portal\/wp-json\/wp\/v2\/posts\/230463\/revisions"}],"predecessor-version":[{"id":230465,"href":"https:\/\/rnoticias.com.mx\/Portal\/wp-json\/wp\/v2\/posts\/230463\/revisions\/230465"}],"wp:featuredmedia":[{"embeddable":true,"href":"https:\/\/rnoticias.com.mx\/Portal\/wp-json\/wp\/v2\/media\/230464"}],"wp:attachment":[{"href":"https:\/\/rnoticias.com.mx\/Portal\/wp-json\/wp\/v2\/media?parent=230463"}],"wp:term":[{"taxonomy":"category","embeddable":true,"href":"https:\/\/rnoticias.com.mx\/Portal\/wp-json\/wp\/v2\/categories?post=230463"},{"taxonomy":"post_tag","embeddable":true,"href":"https:\/\/rnoticias.com.mx\/Portal\/wp-json\/wp\/v2\/tags?post=230463"}],"curies":[{"name":"wp","href":"https:\/\/api.w.org\/{rel}","templated":true}]}}