{"id":230457,"date":"2025-09-25T17:42:44","date_gmt":"2025-09-26T00:42:44","guid":{"rendered":"https:\/\/rnoticias.com.mx\/Portal\/?p=230457"},"modified":"2025-09-25T17:42:44","modified_gmt":"2025-09-26T00:42:44","slug":"urge-cumplir-con-la-reduccion-de-la-jornada-laboral-a-40-horas-diputado-oscar-ortiz","status":"publish","type":"post","link":"https:\/\/rnoticias.com.mx\/Portal\/2025\/09\/25\/urge-cumplir-con-la-reduccion-de-la-jornada-laboral-a-40-horas-diputado-oscar-ortiz\/","title":{"rendered":"Urge cumplir con la reducci\u00f3n de la jornada laboral a 40 horas: Diputado \u00d3scar Ortiz"},"content":{"rendered":"<p>Ciudad de M\u00e9xico; 25 de septiembre de 2025.\u2013 En el marco del Primer Encuentro Nacional de Presidentas y Presidentes de las Comisiones de Asuntos del Trabajo de los Congresos Locales, el diputado local por Sonora y dirigente de la CTM Hermosillo, Oscar Ortiz Arvayo, hizo un llamado urgente para que el Congreso de la Uni\u00f3n concrete la reforma que reduzca la jornada laboral de 48 a 40 horas semanales.<\/p>\n<p>Durante su intervenci\u00f3n, Ortiz Arvayo destac\u00f3 que M\u00e9xico lleva casi un siglo de retraso en cumplir con el compromiso adquirido ante la Organizaci\u00f3n Internacional del Trabajo (OIT), que establece una jornada m\u00e1xima de 40 horas. \u201cHan pasado d\u00e9cadas y los trabajadores seguimos esperando esta reforma que ya no puede postergarse m\u00e1s. Es un asunto de justicia social y de dignidad para las familias trabajadoras\u201d, expres\u00f3.<\/p>\n<p>El legislador de origen obrero y ex trabajador de la industria automotriz se\u00f1al\u00f3 que la productividad en M\u00e9xico ha sido entendida de manera err\u00f3nea, privilegiando la cantidad de horas sobre la calidad del trabajo. \u201cHemos provocado la descomposici\u00f3n del tejido social al mantener a madres y padres lejos de sus familias durante largas jornadas. Creer que m\u00e1s horas significa mayor productividad es un error que ha costado caro a nuestro pa\u00eds\u201d, puntualiz\u00f3.<\/p>\n<p>Ortiz Arvayo subray\u00f3 que este cambio hist\u00f3rico fue impulsado desde el gobierno del expresidente Andr\u00e9s Manuel L\u00f3pez Obrador, quien se atrevi\u00f3 a romper paradigmas en materia laboral, como lo hizo con el incremento sustancial al salario m\u00ednimo. \u201cHoy corresponde dar el siguiente paso: garantizar que las y los trabajadores mexicanos tengan jornadas m\u00e1s humanas, en armon\u00eda con el resto de los pa\u00edses del mundo\u201d, afirm\u00f3.<\/p>\n<p>Finalmente, el diputado reiter\u00f3 la encomienda que llev\u00f3 a este encuentro en representaci\u00f3n de las y los trabajadores de Sonora, exigir que la reducci\u00f3n de la jornada laboral se discuta y apruebe cuanto antes, pues de ella depende no solo el bienestar de millones de familias, sino tambi\u00e9n el futuro de ni\u00f1as, ni\u00f1os y j\u00f3venes que necesitan la presencia y el acompa\u00f1amiento de sus padres.<\/p>\n","protected":false},"excerpt":{"rendered":"<p>Ciudad de M\u00e9xico; 25 de septiembre de 2025.\u2013 En el marco del Primer Encuentro Nacional de Presidentas y Presidentes de las Comisiones de Asuntos del Trabajo de los Congresos Locales, el diputado local por Sonora y dirigente de la CTM Hermosillo, Oscar Ortiz Arvayo, hizo un llamado urgente para que el Congreso de la Uni\u00f3n [&hellip;]<\/p>\n","protected":false},"author":2,"featured_media":230458,"comment_status":"closed","ping_status":"closed","sticky":false,"template":"","format":"standard","meta":{"footnotes":""},"categories":[12870,12868],"tags":[12865,12879],"class_list":["post-230457","post","type-post","status-publish","format-standard","has-post-thumbnail","hentry","category-destacadas","category-politica","tag-destacadas","tag-politica"],"jetpack_featured_media_url":"https:\/\/rnoticias.com.mx\/Portal\/wp-content\/uploads\/2025\/09\/e3baefda-123e-4838-a4b8-53745d5459c2.jpeg","amp_enabled":true,"_links":{"self":[{"href":"https:\/\/rnoticias.com.mx\/Portal\/wp-json\/wp\/v2\/posts\/230457","targetHints":{"allow":["GET"]}}],"collection":[{"href":"https:\/\/rnoticias.com.mx\/Portal\/wp-json\/wp\/v2\/posts"}],"about":[{"href":"https:\/\/rnoticias.com.mx\/Portal\/wp-json\/wp\/v2\/types\/post"}],"author":[{"embeddable":true,"href":"https:\/\/rnoticias.com.mx\/Portal\/wp-json\/wp\/v2\/users\/2"}],"replies":[{"embeddable":true,"href":"https:\/\/rnoticias.com.mx\/Portal\/wp-json\/wp\/v2\/comments?post=230457"}],"version-history":[{"count":1,"href":"https:\/\/rnoticias.com.mx\/Portal\/wp-json\/wp\/v2\/posts\/230457\/revisions"}],"predecessor-version":[{"id":230459,"href":"https:\/\/rnoticias.com.mx\/Portal\/wp-json\/wp\/v2\/posts\/230457\/revisions\/230459"}],"wp:featuredmedia":[{"embeddable":true,"href":"https:\/\/rnoticias.com.mx\/Portal\/wp-json\/wp\/v2\/media\/230458"}],"wp:attachment":[{"href":"https:\/\/rnoticias.com.mx\/Portal\/wp-json\/wp\/v2\/media?parent=230457"}],"wp:term":[{"taxonomy":"category","embeddable":true,"href":"https:\/\/rnoticias.com.mx\/Portal\/wp-json\/wp\/v2\/categories?post=230457"},{"taxonomy":"post_tag","embeddable":true,"href":"https:\/\/rnoticias.com.mx\/Portal\/wp-json\/wp\/v2\/tags?post=230457"}],"curies":[{"name":"wp","href":"https:\/\/api.w.org\/{rel}","templated":true}]}}