{"id":230451,"date":"2025-09-25T17:15:48","date_gmt":"2025-09-26T00:15:48","guid":{"rendered":"https:\/\/rnoticias.com.mx\/Portal\/?p=230451"},"modified":"2025-09-25T17:15:48","modified_gmt":"2025-09-26T00:15:48","slug":"diputado-rene-garcia-propone-creacion-de-mecanismo-de-proteccion-de-periodistas-y-defensores-de-derechos-humanos","status":"publish","type":"post","link":"https:\/\/rnoticias.com.mx\/Portal\/2025\/09\/25\/diputado-rene-garcia-propone-creacion-de-mecanismo-de-proteccion-de-periodistas-y-defensores-de-derechos-humanos\/","title":{"rendered":"Diputado Ren\u00e9 Garc\u00eda propone creaci\u00f3n de Mecanismo de Protecci\u00f3n de periodistas y defensores de derechos humanos"},"content":{"rendered":"<p>Hermosillo, Sonora; 25 de septiembre de 2025.- Con el fin de garantizar la seguridad de personas dedicadas al ejercicio de la libertad de prensa y a la defensa de personas y grupos vulnerables, el diputado Ren\u00e9 Garc\u00eda Rojo present\u00f3 un proyecto de Ley para la Protecci\u00f3n Integral de Periodistas y Personas Defensoras de Derechos Humanos.<\/p>\n<p>El legislador del Partido del Trabajo inform\u00f3, ante el Pleno del Congreso del Estado, que la propuesta busca complementar el funcionamiento y la eficacia del Mecanismo de Protecci\u00f3n bajo la responsabilidad de la Secretar\u00eda de Gobernaci\u00f3n (Segob) a nivel federal, mediante la creaci\u00f3n de una figura a nivel estado.<\/p>\n<p>\u201cProteger al periodismo significa garantizar que la ciudadan\u00eda pueda ejercer plenamente su derecho a la informaci\u00f3n. Proteger a las y los defensores implica asegurar que las voces de los m\u00e1s vulnerables no sean silenciadas. En ambos casos, se trata de fortalecer la democracia y de reafirmar el compromiso del Estado con los m\u00e1s altos est\u00e1ndares internacionales de derechos humanos\u201d, manifest\u00f3.<\/p>\n<p>Rojo Garc\u00eda explic\u00f3 que entre algunas caracter\u00edsticas de la ley se encuentra la creaci\u00f3n del Mecanismo Estatal de Protecci\u00f3n; la definici\u00f3n clara de medidas preventivas, de protecci\u00f3n y urgentes, con plazos espec\u00edficos para su emisi\u00f3n e implementaci\u00f3n; el reconocimiento de derechos y obligaciones de las personas beneficiarias, asegurando su participaci\u00f3n activa y el acceso a acompa\u00f1amiento jur\u00eddico, psicol\u00f3gico y social.<\/p>\n<p>As\u00ed mismo, a\u00f1adi\u00f3 que la legislaci\u00f3n establece obligaciones de autoridades estatales y municipales, con la figura de enlaces de protecci\u00f3n en cada municipio; la creaci\u00f3n de un Fondo Estatal de Protecci\u00f3n, con reglas de operaci\u00f3n transparentes; define procedimientos de inconformidad y revisi\u00f3n de medidas, que garantizan el debido proceso y la rendici\u00f3n de cuentas; y un r\u00e9gimen de responsabilidades administrativas y penales, que sanciona con severidad la negligencia o dolo de los servidores p\u00fablicos, as\u00ed como la divulgaci\u00f3n indebida de informaci\u00f3n sensible.<\/p>\n<p>Con esta ley, reiter\u00f3 el representante por el distrito 12 local de Hermosillo, Sonora asume plenamente su responsabilidad constitucional e internacional, dotando de un marco jur\u00eddico moderno, integral y preventivo que ofrezca condiciones de seguridad y dignidad a quienes ejercen el periodismo y la defensa de los derechos humanos.<\/p>\n","protected":false},"excerpt":{"rendered":"<p>Hermosillo, Sonora; 25 de septiembre de 2025.- Con el fin de garantizar la seguridad de personas dedicadas al ejercicio de la libertad de prensa y a la defensa de personas y grupos vulnerables, el diputado Ren\u00e9 Garc\u00eda Rojo present\u00f3 un proyecto de Ley para la Protecci\u00f3n Integral de Periodistas y Personas Defensoras de Derechos Humanos. [&hellip;]<\/p>\n","protected":false},"author":2,"featured_media":230452,"comment_status":"closed","ping_status":"closed","sticky":false,"template":"","format":"standard","meta":{"footnotes":""},"categories":[12870,12868],"tags":[12865,12879],"class_list":["post-230451","post","type-post","status-publish","format-standard","has-post-thumbnail","hentry","category-destacadas","category-politica","tag-destacadas","tag-politica"],"jetpack_featured_media_url":"https:\/\/rnoticias.com.mx\/Portal\/wp-content\/uploads\/2025\/09\/279d88b2-fcc7-481c-a288-198feb701d97.jpeg","amp_enabled":true,"_links":{"self":[{"href":"https:\/\/rnoticias.com.mx\/Portal\/wp-json\/wp\/v2\/posts\/230451","targetHints":{"allow":["GET"]}}],"collection":[{"href":"https:\/\/rnoticias.com.mx\/Portal\/wp-json\/wp\/v2\/posts"}],"about":[{"href":"https:\/\/rnoticias.com.mx\/Portal\/wp-json\/wp\/v2\/types\/post"}],"author":[{"embeddable":true,"href":"https:\/\/rnoticias.com.mx\/Portal\/wp-json\/wp\/v2\/users\/2"}],"replies":[{"embeddable":true,"href":"https:\/\/rnoticias.com.mx\/Portal\/wp-json\/wp\/v2\/comments?post=230451"}],"version-history":[{"count":1,"href":"https:\/\/rnoticias.com.mx\/Portal\/wp-json\/wp\/v2\/posts\/230451\/revisions"}],"predecessor-version":[{"id":230453,"href":"https:\/\/rnoticias.com.mx\/Portal\/wp-json\/wp\/v2\/posts\/230451\/revisions\/230453"}],"wp:featuredmedia":[{"embeddable":true,"href":"https:\/\/rnoticias.com.mx\/Portal\/wp-json\/wp\/v2\/media\/230452"}],"wp:attachment":[{"href":"https:\/\/rnoticias.com.mx\/Portal\/wp-json\/wp\/v2\/media?parent=230451"}],"wp:term":[{"taxonomy":"category","embeddable":true,"href":"https:\/\/rnoticias.com.mx\/Portal\/wp-json\/wp\/v2\/categories?post=230451"},{"taxonomy":"post_tag","embeddable":true,"href":"https:\/\/rnoticias.com.mx\/Portal\/wp-json\/wp\/v2\/tags?post=230451"}],"curies":[{"name":"wp","href":"https:\/\/api.w.org\/{rel}","templated":true}]}}