{"id":230439,"date":"2025-09-25T16:19:41","date_gmt":"2025-09-25T23:19:41","guid":{"rendered":"https:\/\/rnoticias.com.mx\/Portal\/?p=230439"},"modified":"2025-09-25T16:19:41","modified_gmt":"2025-09-25T23:19:41","slug":"familia-solicita-apoyo-para-maria-durazo-hospitalizada-en-sonora","status":"publish","type":"post","link":"https:\/\/rnoticias.com.mx\/Portal\/2025\/09\/25\/familia-solicita-apoyo-para-maria-durazo-hospitalizada-en-sonora\/","title":{"rendered":"Familia solicita apoyo para Mar\u00eda Durazo, hospitalizada en Sonora"},"content":{"rendered":"<p data-start=\"180\" data-end=\"481\">Mar\u00eda Durazo, madre de familia originaria de Sonora, fue hospitalizada recientemente tras ser diagnosticada con neumon\u00eda e infecci\u00f3n en los ri\u00f1ones. Debido a la gravedad de su estado, ha requerido atenci\u00f3n m\u00e9dica urgente y tratamientos especializados, lo que ha generado elevados gastos hospitalarios.<\/p>\n<p data-start=\"483\" data-end=\"918\">Ante esta situaci\u00f3n, su hijo Agust\u00edn ha iniciado una campa\u00f1a de recaudaci\u00f3n de fondos para cubrir los costos m\u00e9dicos que siguen acumul\u00e1ndose. A trav\u00e9s de un mensaje, hizo un llamado solidario: \u201cHola, soy Agust\u00edn, hijo de Mar\u00eda Durazo. Estoy haciendo esta recaudaci\u00f3n de fondos para ayudar a mi mam\u00e1 en sus gastos m\u00e9dicos. Ella ingres\u00f3 al hospital a causa de una neumon\u00eda y una infecci\u00f3n en los ri\u00f1ones. Les agradecer\u00eda mucho su apoyo\u201d.<\/p>\n<p data-start=\"920\" data-end=\"1116\">La familia invita a la comunidad a conocer su historia y sumarse a la causa con un donativo o compartiendo la campa\u00f1a.<\/p>\n<p data-start=\"920\" data-end=\"1116\"><br data-start=\"1038\" data-end=\"1041\" \/>&#x1f449; <strong data-start=\"1044\" data-end=\"1081\">Conoce su historia y s\u00famate aqu\u00ed:<\/strong> <em data-start=\"1082\" data-end=\"1116\">Donar a Mar\u00eda Auxiliadora Durazo<\/em><\/p>\n","protected":false},"excerpt":{"rendered":"<p>Mar\u00eda Durazo, madre de familia originaria de Sonora, fue hospitalizada recientemente tras ser diagnosticada con neumon\u00eda e infecci\u00f3n en los ri\u00f1ones. Debido a la gravedad de su estado, ha requerido atenci\u00f3n m\u00e9dica urgente y tratamientos especializados, lo que ha generado elevados gastos hospitalarios. Ante esta situaci\u00f3n, su hijo Agust\u00edn ha iniciado una campa\u00f1a de recaudaci\u00f3n [&hellip;]<\/p>\n","protected":false},"author":2,"featured_media":230440,"comment_status":"closed","ping_status":"closed","sticky":false,"template":"","format":"standard","meta":{"footnotes":""},"categories":[12870,178],"tags":[12865,12869],"class_list":["post-230439","post","type-post","status-publish","format-standard","has-post-thumbnail","hentry","category-destacadas","category-local","tag-destacadas","tag-local"],"jetpack_featured_media_url":"https:\/\/rnoticias.com.mx\/Portal\/wp-content\/uploads\/2025\/09\/94362525_1757111613976052_r.webp","amp_enabled":true,"_links":{"self":[{"href":"https:\/\/rnoticias.com.mx\/Portal\/wp-json\/wp\/v2\/posts\/230439","targetHints":{"allow":["GET"]}}],"collection":[{"href":"https:\/\/rnoticias.com.mx\/Portal\/wp-json\/wp\/v2\/posts"}],"about":[{"href":"https:\/\/rnoticias.com.mx\/Portal\/wp-json\/wp\/v2\/types\/post"}],"author":[{"embeddable":true,"href":"https:\/\/rnoticias.com.mx\/Portal\/wp-json\/wp\/v2\/users\/2"}],"replies":[{"embeddable":true,"href":"https:\/\/rnoticias.com.mx\/Portal\/wp-json\/wp\/v2\/comments?post=230439"}],"version-history":[{"count":1,"href":"https:\/\/rnoticias.com.mx\/Portal\/wp-json\/wp\/v2\/posts\/230439\/revisions"}],"predecessor-version":[{"id":230441,"href":"https:\/\/rnoticias.com.mx\/Portal\/wp-json\/wp\/v2\/posts\/230439\/revisions\/230441"}],"wp:featuredmedia":[{"embeddable":true,"href":"https:\/\/rnoticias.com.mx\/Portal\/wp-json\/wp\/v2\/media\/230440"}],"wp:attachment":[{"href":"https:\/\/rnoticias.com.mx\/Portal\/wp-json\/wp\/v2\/media?parent=230439"}],"wp:term":[{"taxonomy":"category","embeddable":true,"href":"https:\/\/rnoticias.com.mx\/Portal\/wp-json\/wp\/v2\/categories?post=230439"},{"taxonomy":"post_tag","embeddable":true,"href":"https:\/\/rnoticias.com.mx\/Portal\/wp-json\/wp\/v2\/tags?post=230439"}],"curies":[{"name":"wp","href":"https:\/\/api.w.org\/{rel}","templated":true}]}}