{"id":230436,"date":"2025-09-25T15:46:14","date_gmt":"2025-09-25T22:46:14","guid":{"rendered":"https:\/\/rnoticias.com.mx\/Portal\/?p=230436"},"modified":"2025-09-25T15:46:14","modified_gmt":"2025-09-25T22:46:14","slug":"llama-agua-de-hermosillo-a-usuarios-a-participar-en-la-convocatoria-se-busca","status":"publish","type":"post","link":"https:\/\/rnoticias.com.mx\/Portal\/2025\/09\/25\/llama-agua-de-hermosillo-a-usuarios-a-participar-en-la-convocatoria-se-busca\/","title":{"rendered":"Llama Agua de Hermosillo a usuarios a participar en la convocatoria &#8220;Se Busca&#8221;"},"content":{"rendered":"<p>Hermosillo, Sonora, 25 de septiembre, 2025.- Contin\u00faa Agua de Hermosillo con la b\u00fasqueda de la persona n\u00famero cuatro m\u00e1s ingeniosa en el ahorro de agua en el hogar, aquella que sea ejemplo de buena conducta y responsabilidad en el uso del vital l\u00edquido.<\/p>\n<p>Rebeca Villanueva, gerente de Fomento a la Cultura del Agua y Corresponsabilidad Ciudadana, inform\u00f3 que \u201cSe Busca\u201d, forma parte del programa CUIDA, implementado por el Gobierno Municipal con el prop\u00f3sito de fomentar la corresponsabilidad social en el cuidado y buen uso del agua.<\/p>\n<p>Explic\u00f3 que, desde el inicio de la convocatoria en junio hasta la tercera edici\u00f3n del pasado mes de agosto, se han recibido propuestas muy interesantes.<\/p>\n<p>Los participantes han enviado videos en los que muestran c\u00f3mo reutilizar el agua, reducir su consumo y, en consecuencia, disminuir el monto de sus recibos. En esta ocasi\u00f3n \u201cSe Busca\u201d el cuarto ganador.<\/p>\n<p>La convocatoria, vigente en su cuarta etapa, establece que cada participante debe presentar una historia sencilla en la que se destaque la importancia de compartir p\u00fablicamente las acciones que permiten un mejor uso del agua en el hogar.<\/p>\n<p>Villanueva reiter\u00f3 la invitaci\u00f3n a todos los usuarios para registrarse, participar y tambi\u00e9n difundir este mensaje entre familiares, amigos y vecinos.<\/p>\n<p>\u00bfC\u00f3mo lo puede hacer?<\/p>\n<p>Primero Env\u00eda: mensaje a trav\u00e9s de las redes sociales de Agua de Hermosillo<br \/>\nSegundo: Comparte las mejores pr\u00e1cticas para cuidar el agua<br \/>\nTercero: Agua de Hermosillo grabar\u00e1 tu historia y se compartir\u00e1 por redes sociales.<\/p>\n","protected":false},"excerpt":{"rendered":"<p>Hermosillo, Sonora, 25 de septiembre, 2025.- Contin\u00faa Agua de Hermosillo con la b\u00fasqueda de la persona n\u00famero cuatro m\u00e1s ingeniosa en el ahorro de agua en el hogar, aquella que sea ejemplo de buena conducta y responsabilidad en el uso del vital l\u00edquido. Rebeca Villanueva, gerente de Fomento a la Cultura del Agua y Corresponsabilidad [&hellip;]<\/p>\n","protected":false},"author":2,"featured_media":230437,"comment_status":"closed","ping_status":"closed","sticky":false,"template":"","format":"standard","meta":{"footnotes":""},"categories":[12870,178],"tags":[12865,12869],"class_list":["post-230436","post","type-post","status-publish","format-standard","has-post-thumbnail","hentry","category-destacadas","category-local","tag-destacadas","tag-local"],"jetpack_featured_media_url":"https:\/\/rnoticias.com.mx\/Portal\/wp-content\/uploads\/2025\/09\/2d6153c7-14c4-4132-9fb4-e94706775697.jpeg","amp_enabled":true,"_links":{"self":[{"href":"https:\/\/rnoticias.com.mx\/Portal\/wp-json\/wp\/v2\/posts\/230436","targetHints":{"allow":["GET"]}}],"collection":[{"href":"https:\/\/rnoticias.com.mx\/Portal\/wp-json\/wp\/v2\/posts"}],"about":[{"href":"https:\/\/rnoticias.com.mx\/Portal\/wp-json\/wp\/v2\/types\/post"}],"author":[{"embeddable":true,"href":"https:\/\/rnoticias.com.mx\/Portal\/wp-json\/wp\/v2\/users\/2"}],"replies":[{"embeddable":true,"href":"https:\/\/rnoticias.com.mx\/Portal\/wp-json\/wp\/v2\/comments?post=230436"}],"version-history":[{"count":1,"href":"https:\/\/rnoticias.com.mx\/Portal\/wp-json\/wp\/v2\/posts\/230436\/revisions"}],"predecessor-version":[{"id":230438,"href":"https:\/\/rnoticias.com.mx\/Portal\/wp-json\/wp\/v2\/posts\/230436\/revisions\/230438"}],"wp:featuredmedia":[{"embeddable":true,"href":"https:\/\/rnoticias.com.mx\/Portal\/wp-json\/wp\/v2\/media\/230437"}],"wp:attachment":[{"href":"https:\/\/rnoticias.com.mx\/Portal\/wp-json\/wp\/v2\/media?parent=230436"}],"wp:term":[{"taxonomy":"category","embeddable":true,"href":"https:\/\/rnoticias.com.mx\/Portal\/wp-json\/wp\/v2\/categories?post=230436"},{"taxonomy":"post_tag","embeddable":true,"href":"https:\/\/rnoticias.com.mx\/Portal\/wp-json\/wp\/v2\/tags?post=230436"}],"curies":[{"name":"wp","href":"https:\/\/api.w.org\/{rel}","templated":true}]}}