{"id":230424,"date":"2025-09-25T15:20:30","date_gmt":"2025-09-25T22:20:30","guid":{"rendered":"https:\/\/rnoticias.com.mx\/Portal\/?p=230424"},"modified":"2025-09-25T15:20:30","modified_gmt":"2025-09-25T22:20:30","slug":"el-congreso-del-estado-celebra-la-historia-y-la-literatura-con-la-presentacion-de-la-novela-kino-y-saeta-pimeria-alta","status":"publish","type":"post","link":"https:\/\/rnoticias.com.mx\/Portal\/2025\/09\/25\/el-congreso-del-estado-celebra-la-historia-y-la-literatura-con-la-presentacion-de-la-novela-kino-y-saeta-pimeria-alta\/","title":{"rendered":"El Congreso del Estado celebra la historia y la literatura con la presentaci\u00f3n de la novela \u201cKino y Saeta: Pimer\u00eda Alta\u201d."},"content":{"rendered":"<p>Hermosillo, Sonora; 25 de septiembre de 2025.- La cultura, la historia y la literatura sonorense encontraron eco en el Congreso del Estado, durante la emotiva presentaci\u00f3n de la novela hist\u00f3rica \u201cKino y Saeta: Pimer\u00eda Alta\u201d, de la reconocida escritora Margarita Ram\u00edrez Celaya.<\/p>\n<p>El evento fue organizado por la diputada Mar\u00eda Alicia Gayt\u00e1n S\u00e1nchez y cont\u00f3 con la destacada presencia de la presidenta del Congreso, diputada Mar\u00eda Eduwiges \u201cVicky\u201d Espinoza, as\u00ed como con el acompa\u00f1amiento de la coordinadora del Grupo Parlamentario de Morena, Ernestina Castro Valenzuela, y el legislador Ra\u00fal Castelo Monta\u00f1o, quienes, con su participaci\u00f3n activa, dieron testimonio del compromiso del Poder Legislativo con la promoci\u00f3n de los valores hist\u00f3ricos y culturales de Sonora.<\/p>\n<p>La diputada Alicia Gayt\u00e1n expres\u00f3 su entusiasmo por compartir con el p\u00fablico una obra profundamente arraigada en la identidad de la regi\u00f3n, y subray\u00f3 la importancia de que el congreso abra sus puertas a la historia y la literatura.<\/p>\n<p>\u201cNos honra presentar esta novela que representa a\u00f1os de dedicaci\u00f3n. Margarita ha logrado revivir una parte fundamental de nuestra historia, y es nuestro deber como legisladores abrir estos espacios que dan voz a quienes nos han antecedido y forman parte de lo que somos\u201d, expres\u00f3 la legisladora morenista.<\/p>\n<p>Resalt\u00f3, adem\u00e1s, la trayectoria de la autora, quien ha sido galardonada con la Presea del Poder\u00edo de las Mujeres, y su trabajo incansable por rescatar la figura humana del padre Kino y su legado de justicia, fe y defensa de los pueblos originarios.<\/p>\n<p>En su intervenci\u00f3n, la diputada presidenta del Congreso del Estado, Mar\u00eda Eduwiges \u201cVicky\u201d Espinoza Tapia manifest\u00f3 su reconocimiento a la autora y comparti\u00f3 su emoci\u00f3n ante el impacto de la obra, valorando la sensibilidad con la que Margarita Ram\u00edrez ha reconstruido los cimientos hist\u00f3ricos de la regi\u00f3n.<\/p>\n<p>Durante su intervenci\u00f3n, la autora Margarita Ram\u00edrez Celaya relat\u00f3 el origen de la obra, inspirada en un antiguo libro entregado por un vecino de su infancia. Adem\u00e1s, comparti\u00f3 las m\u00faltiples revisiones del manuscrito, su formaci\u00f3n con los jesuitas y el anhelo profundo de que el padre Kino narrara su historia con voz propia.<\/p>\n<p>\u201cYo no quer\u00eda escribir sobre el mito. Quer\u00eda que el padre Kino hablara desde su humanidad: con dudas, con dolor, con amor. Esta novela la escrib\u00ed pensando en los j\u00f3venes de Caborca, para que no olviden la historia que los sostiene\u201d, expres\u00f3 la autora.<\/p>\n<p>Mencion\u00f3 que la novela \u201cKino y Saeta: Pimer\u00eda Alta\u201d no es \u00fanicamente una reconstrucci\u00f3n hist\u00f3rica; es tambi\u00e9n una herramienta pedag\u00f3gica, una carta de amor a Sonora y un puente entre generaciones. La propuesta de su distribuci\u00f3n en escuelas de la regi\u00f3n subraya su vocaci\u00f3n formativa y su valor como legado cultural.<\/p>\n<p>El evento tambi\u00e9n cont\u00f3 con la participaci\u00f3n de la promotora cultural Claudia Valencia Loro\u00f1a, quien destac\u00f3 la pasi\u00f3n y el compromiso de la autora, y del escritor y abogado Miguel \u00c1ngel \u00c1viles Castro, quien ofreci\u00f3 una rese\u00f1a literaria del libro.<\/p>\n<p>Tambi\u00e9n estuvieron presentes tambi\u00e9n escritores, acad\u00e9micos, cr\u00edticos literarios, estudiantes y otros asistentes que enriquecieron el encuentro con su apoyo y aportaciones.<\/p>\n<p>Con este acto, el Congreso del Estado reafirma su compromiso con la difusi\u00f3n de obras que fortalecen la memoria, la identidad y el orgullo de ser sonorenses.<\/p>\n","protected":false},"excerpt":{"rendered":"<p>Hermosillo, Sonora; 25 de septiembre de 2025.- La cultura, la historia y la literatura sonorense encontraron eco en el Congreso del Estado, durante la emotiva presentaci\u00f3n de la novela hist\u00f3rica \u201cKino y Saeta: Pimer\u00eda Alta\u201d, de la reconocida escritora Margarita Ram\u00edrez Celaya. El evento fue organizado por la diputada Mar\u00eda Alicia Gayt\u00e1n S\u00e1nchez y cont\u00f3 [&hellip;]<\/p>\n","protected":false},"author":2,"featured_media":230425,"comment_status":"closed","ping_status":"closed","sticky":false,"template":"","format":"standard","meta":{"footnotes":""},"categories":[12870,12868],"tags":[12865,12879],"class_list":["post-230424","post","type-post","status-publish","format-standard","has-post-thumbnail","hentry","category-destacadas","category-politica","tag-destacadas","tag-politica"],"jetpack_featured_media_url":"https:\/\/rnoticias.com.mx\/Portal\/wp-content\/uploads\/2025\/09\/95034a1a-62d3-4bda-ab8b-b2625d4597c5.jpeg","amp_enabled":true,"_links":{"self":[{"href":"https:\/\/rnoticias.com.mx\/Portal\/wp-json\/wp\/v2\/posts\/230424","targetHints":{"allow":["GET"]}}],"collection":[{"href":"https:\/\/rnoticias.com.mx\/Portal\/wp-json\/wp\/v2\/posts"}],"about":[{"href":"https:\/\/rnoticias.com.mx\/Portal\/wp-json\/wp\/v2\/types\/post"}],"author":[{"embeddable":true,"href":"https:\/\/rnoticias.com.mx\/Portal\/wp-json\/wp\/v2\/users\/2"}],"replies":[{"embeddable":true,"href":"https:\/\/rnoticias.com.mx\/Portal\/wp-json\/wp\/v2\/comments?post=230424"}],"version-history":[{"count":1,"href":"https:\/\/rnoticias.com.mx\/Portal\/wp-json\/wp\/v2\/posts\/230424\/revisions"}],"predecessor-version":[{"id":230426,"href":"https:\/\/rnoticias.com.mx\/Portal\/wp-json\/wp\/v2\/posts\/230424\/revisions\/230426"}],"wp:featuredmedia":[{"embeddable":true,"href":"https:\/\/rnoticias.com.mx\/Portal\/wp-json\/wp\/v2\/media\/230425"}],"wp:attachment":[{"href":"https:\/\/rnoticias.com.mx\/Portal\/wp-json\/wp\/v2\/media?parent=230424"}],"wp:term":[{"taxonomy":"category","embeddable":true,"href":"https:\/\/rnoticias.com.mx\/Portal\/wp-json\/wp\/v2\/categories?post=230424"},{"taxonomy":"post_tag","embeddable":true,"href":"https:\/\/rnoticias.com.mx\/Portal\/wp-json\/wp\/v2\/tags?post=230424"}],"curies":[{"name":"wp","href":"https:\/\/api.w.org\/{rel}","templated":true}]}}