{"id":230421,"date":"2025-09-25T15:19:26","date_gmt":"2025-09-25T22:19:26","guid":{"rendered":"https:\/\/rnoticias.com.mx\/Portal\/?p=230421"},"modified":"2025-09-25T15:19:26","modified_gmt":"2025-09-25T22:19:26","slug":"patinadora-estrella-de-sonora-reune-fondos-para-la-siguiente-temporada-de-competencias-internacionales","status":"publish","type":"post","link":"https:\/\/rnoticias.com.mx\/Portal\/2025\/09\/25\/patinadora-estrella-de-sonora-reune-fondos-para-la-siguiente-temporada-de-competencias-internacionales\/","title":{"rendered":"Patinadora estrella de Sonora re\u00fane fondos para la siguiente temporada de competencias internacionales"},"content":{"rendered":"<p><a href=\"https:\/\/www.instagram.com\/andrea_astrain\/?hl=es\"><strong>Andrea Astrain Maynez<\/strong><\/a>, la actual <strong>Campeona Nacional de Patinaje Art\u00edstico sobre Hielo<\/strong> en M\u00e9xico, ha logrado consolidarse como una de las m\u00e1ximas promesas del deporte invernal en el pa\u00eds.<\/p>\n<p>\u00bfSus b\u00e1sicos? <strong>La disciplina y dedicaci\u00f3n. <\/strong>Todos los d\u00edas entrena religiosamente, con un prop\u00f3sito claro: seguir llevando con orgullo los colores de M\u00e9xico a escenarios de talla mundial, como lo hizo en el <a href=\"https:\/\/www.gob.mx\/conade\/articulos\/andrea-astrain-cumple-sueno-al-clasificar-al-mundial-junior-de-patinaje-artistico-de-estonia-298578?idiom=es\">Mundial Junior de Estonia.<\/a><\/p>\n<p>El patinaje art\u00edstico se ha convertido en su pasi\u00f3n y motor de vida, sin embargo, como ocurre con muchos atletas de alto rendimiento, el camino hacia el \u00e9xito implica un enorme desaf\u00edo econ\u00f3mico.<\/p>\n<p>Los costos de sus presentaciones incluyen el pago de entrenadores especializados, vestuario, coreograf\u00edas y equipo deportivo, adem\u00e1s de <strong>gastos de vuelos y hospedaje para competencias en el extranjero. <\/strong><\/p>\n<p>Ante este panorama, Andrea ha decidido hacer a todo M\u00e9xico part\u00edcipe de su \u00e9xito a trav\u00e9s de una<a href=\"https:\/\/gofund.me\/68cada11\"> colecta solidaria<\/a> en GoFundMe.<\/p>\n<p>\u201cDesde que empec\u00e9, el patinaje ha sido mi pasi\u00f3n. Entreno con disciplina y dedicaci\u00f3n cada d\u00eda, <strong>siempre con el sue\u00f1o de llevar el nombre de M\u00e9xico a lo m\u00e1s alto en el patinaje internacional<\/strong>, cada aportaci\u00f3n suma much\u00edsimo\u201d comparti\u00f3 a trav\u00e9s de su <a href=\"https:\/\/gofund.me\/68cada11\">p\u00e1gina de recaudaci\u00f3n. <\/a><\/p>\n<p><strong>El patinaje art\u00edstico, un deporte costoso<\/strong><\/p>\n<p>El patinaje art\u00edstico sobre hielo es un deporte costoso debido a la gran cantidad de elementos que implica practicarlo a nivel competitivo. Adem\u00e1s del pago a entrenadores y la renta de una pista de hielo, los deportistas cubren honorarios por vestuarios, m\u00fasica, adem\u00e1s del mantenimiento de los patines profesionales.<\/p>\n<p>\u201cHoy, <strong>tengo la oportunidad de competir en eventos internacionales esta temporada, pero necesito tu apoyo <\/strong>para poder lograrlo, los costos de entrenar y competir a este nivel son muy altos\u201d, comparti\u00f3 Andrea.<\/p>\n<p>Adem\u00e1s de cumplir sus sue\u00f1os, la sonorense<strong> desea inspirar a nuevas generaciones <\/strong>a creer que<strong> con esfuerzo y perseverancia es posible brillar en disciplinas poco convencionales<\/strong>. A pesar de las dificultades, ella lucha por abrirse camino con ayuda de su comunidad en el deporte internacional.<\/p>\n<p>&nbsp;<\/p>\n<p>Conoce su historia y s\u00famate aqu\u00ed: <a href=\"https:\/\/gofund.me\/68cada11\">https:\/\/gofund.me\/68cada11<\/a><\/p>\n","protected":false},"excerpt":{"rendered":"<p>Andrea Astrain Maynez, la actual Campeona Nacional de Patinaje Art\u00edstico sobre Hielo en M\u00e9xico, ha logrado consolidarse como una de las m\u00e1ximas promesas del deporte invernal en el pa\u00eds. \u00bfSus b\u00e1sicos? La disciplina y dedicaci\u00f3n. Todos los d\u00edas entrena religiosamente, con un prop\u00f3sito claro: seguir llevando con orgullo los colores de M\u00e9xico a escenarios de [&hellip;]<\/p>\n","protected":false},"author":2,"featured_media":230422,"comment_status":"closed","ping_status":"closed","sticky":false,"template":"","format":"standard","meta":{"footnotes":""},"categories":[188,12870],"tags":[5231,12865],"class_list":["post-230421","post","type-post","status-publish","format-standard","has-post-thumbnail","hentry","category-deportes","category-destacadas","tag-deportes","tag-destacadas"],"jetpack_featured_media_url":"https:\/\/rnoticias.com.mx\/Portal\/wp-content\/uploads\/2025\/09\/3b72ba43-c641-42e3-9c3e-3e925b678068.jpeg","amp_enabled":true,"_links":{"self":[{"href":"https:\/\/rnoticias.com.mx\/Portal\/wp-json\/wp\/v2\/posts\/230421","targetHints":{"allow":["GET"]}}],"collection":[{"href":"https:\/\/rnoticias.com.mx\/Portal\/wp-json\/wp\/v2\/posts"}],"about":[{"href":"https:\/\/rnoticias.com.mx\/Portal\/wp-json\/wp\/v2\/types\/post"}],"author":[{"embeddable":true,"href":"https:\/\/rnoticias.com.mx\/Portal\/wp-json\/wp\/v2\/users\/2"}],"replies":[{"embeddable":true,"href":"https:\/\/rnoticias.com.mx\/Portal\/wp-json\/wp\/v2\/comments?post=230421"}],"version-history":[{"count":1,"href":"https:\/\/rnoticias.com.mx\/Portal\/wp-json\/wp\/v2\/posts\/230421\/revisions"}],"predecessor-version":[{"id":230423,"href":"https:\/\/rnoticias.com.mx\/Portal\/wp-json\/wp\/v2\/posts\/230421\/revisions\/230423"}],"wp:featuredmedia":[{"embeddable":true,"href":"https:\/\/rnoticias.com.mx\/Portal\/wp-json\/wp\/v2\/media\/230422"}],"wp:attachment":[{"href":"https:\/\/rnoticias.com.mx\/Portal\/wp-json\/wp\/v2\/media?parent=230421"}],"wp:term":[{"taxonomy":"category","embeddable":true,"href":"https:\/\/rnoticias.com.mx\/Portal\/wp-json\/wp\/v2\/categories?post=230421"},{"taxonomy":"post_tag","embeddable":true,"href":"https:\/\/rnoticias.com.mx\/Portal\/wp-json\/wp\/v2\/tags?post=230421"}],"curies":[{"name":"wp","href":"https:\/\/api.w.org\/{rel}","templated":true}]}}