{"id":230350,"date":"2025-09-24T17:25:22","date_gmt":"2025-09-25T00:25:22","guid":{"rendered":"https:\/\/rnoticias.com.mx\/Portal\/?p=230350"},"modified":"2025-09-24T17:25:22","modified_gmt":"2025-09-25T00:25:22","slug":"invita-ayuntamiento-de-hermosillo-a-aprovechar-cursos-de-la-octava-edicion-de-maxi-apoyo","status":"publish","type":"post","link":"https:\/\/rnoticias.com.mx\/Portal\/2025\/09\/24\/invita-ayuntamiento-de-hermosillo-a-aprovechar-cursos-de-la-octava-edicion-de-maxi-apoyo\/","title":{"rendered":"Invita Ayuntamiento de Hermosillo a aprovechar cursos de la octava edici\u00f3n de Maxi Apoyo"},"content":{"rendered":"<p>Hermosillo, Sonora; 24 de septiembre de 2025.- El director de la Agencia Municipal de Desarrollo Econ\u00f3mico (AMDE), Oscar Gast\u00e9lum, anunci\u00f3 que se llevar\u00e1 a cabo la octava edici\u00f3n de Maxi Apoyo, un programa integral dise\u00f1ado para fortalecer el crecimiento personal, capacitar a las personas, impulsar el emprendimiento y el autoempleo, el cual iniciar\u00e1 el 20 de octubre.<\/p>\n<p>\u201cAl t\u00e9rmino de este programa las personas inscritas podr\u00e1n acceder a cr\u00e9ditos grupales sin intereses que sin duda ayudar\u00e1n a impulsar su negocio y a mejorar su calidad de vida, como les comentaba Maxi apoyo tiene tres ejes fundamentales, desarrollo humano, capacitaci\u00f3n y emprendimiento\u201d, explic\u00f3.<\/p>\n<p>En desarrollo humano se ofrecen talleres pr\u00e1cticos de mejora de autoestima y de responsabilidad ciudadana con \u00e9nfasis en el empoderamiento de las mujeres emprendedoras y el fortalecimiento de los valores familiares; el segundo eje que es la capacitaci\u00f3n, hay cursos de sublimaci\u00f3n, globoflexia, entre otros; y el tercer eje que es el del emprendimiento tenemos la formaci\u00f3n en contabilidad, finanzas, costos en modelos de negocios, redes sociales e inteligencia artificial aplicada a los negocios.<\/p>\n<p>\u201cEl impacto acumulado que llevamos en todas las ediciones de Maxi Apoyo es de 2 mil 119 mujeres y hombres graduados y casi 5 millones y medio de pesos en apoyos entregados y nuestra meta para esta octava edici\u00f3n es que haya alrededor de 300 inscripciones y m\u00e1s de 250 graduados\u201d, comparti\u00f3.<\/p>\n<p>Omar Guti\u00e9rrez, director del Centro Municipal del Emprendedor, inform\u00f3 que en el Centro Deportivo Oasis se impartir\u00e1n cursos de postres en fr\u00edos, u\u00f1as, gelish y globoflexia; en el H\u00e1bitat Solidaridad, globoflexia, reposter\u00eda y estilista en modalidad avanzada; y en el centro SAETA Norte, postres en fr\u00edo, barber\u00eda, u\u00f1as y gelish.<\/p>\n<p>\u201cAdem\u00e1s, en San Pedro El Saucito, postres fr\u00edos, globoflexia y colorimetr\u00eda; en la Mesa del Seri vamos a tener temas de desarrollo humano y emprendimiento; en la Victoria y Tazajal, sublimaci\u00f3n, creaciones y globoflexia. Es importante mencionar que cada curso tiene una capacidad m\u00e1xima de 15 personas, por lo cual recomendamos inscribirse lo antes posible\u201d, mencion\u00f3.<\/p>\n<p>Abigail Flores, emprendedora que tom\u00f3 el curso de sublimaci\u00f3n en la pasada edici\u00f3n, dijo que algo que le pareci\u00f3 muy importante es que se ocupan en apoyar principalmente en el desarrollo personal para que lo que se aprenda pueda dar fruto.<\/p>\n<p>\u201cComo experiencia para m\u00ed fue s\u00faper importante porque la empoderan a uno la verdad, porque cuando adquieres un conocimiento de algo y lo pones en pr\u00e1ctica te empoderas la verdad, haces amigos, haces contactos y puedes desarrollarte de una manera que te beneficia en lo personal, en lo familiar y en lo econ\u00f3mico, entonces como testimonio la verdad yo estoy muy agradecida y qu\u00e9 emoci\u00f3n que ya viene una nueva edici\u00f3n y a inscribirme al que sigue\u201d, asegur\u00f3.<\/p>\n<p>Las personas interesadas en inscribirse deben mandar un Hola al n\u00famero de WhatsApp 662242002. La cuota de recuperaci\u00f3n es de 400 pesos, incluye material, as\u00ed como manuales de trabajo para desarrollo humano y para emprendimiento.<\/p>\n","protected":false},"excerpt":{"rendered":"<p>Hermosillo, Sonora; 24 de septiembre de 2025.- El director de la Agencia Municipal de Desarrollo Econ\u00f3mico (AMDE), Oscar Gast\u00e9lum, anunci\u00f3 que se llevar\u00e1 a cabo la octava edici\u00f3n de Maxi Apoyo, un programa integral dise\u00f1ado para fortalecer el crecimiento personal, capacitar a las personas, impulsar el emprendimiento y el autoempleo, el cual iniciar\u00e1 el 20 [&hellip;]<\/p>\n","protected":false},"author":2,"featured_media":230351,"comment_status":"closed","ping_status":"closed","sticky":false,"template":"","format":"standard","meta":{"footnotes":""},"categories":[12870,178],"tags":[12865,12869],"class_list":["post-230350","post","type-post","status-publish","format-standard","has-post-thumbnail","hentry","category-destacadas","category-local","tag-destacadas","tag-local"],"jetpack_featured_media_url":"https:\/\/rnoticias.com.mx\/Portal\/wp-content\/uploads\/2025\/09\/234.jpeg","amp_enabled":true,"_links":{"self":[{"href":"https:\/\/rnoticias.com.mx\/Portal\/wp-json\/wp\/v2\/posts\/230350","targetHints":{"allow":["GET"]}}],"collection":[{"href":"https:\/\/rnoticias.com.mx\/Portal\/wp-json\/wp\/v2\/posts"}],"about":[{"href":"https:\/\/rnoticias.com.mx\/Portal\/wp-json\/wp\/v2\/types\/post"}],"author":[{"embeddable":true,"href":"https:\/\/rnoticias.com.mx\/Portal\/wp-json\/wp\/v2\/users\/2"}],"replies":[{"embeddable":true,"href":"https:\/\/rnoticias.com.mx\/Portal\/wp-json\/wp\/v2\/comments?post=230350"}],"version-history":[{"count":1,"href":"https:\/\/rnoticias.com.mx\/Portal\/wp-json\/wp\/v2\/posts\/230350\/revisions"}],"predecessor-version":[{"id":230352,"href":"https:\/\/rnoticias.com.mx\/Portal\/wp-json\/wp\/v2\/posts\/230350\/revisions\/230352"}],"wp:featuredmedia":[{"embeddable":true,"href":"https:\/\/rnoticias.com.mx\/Portal\/wp-json\/wp\/v2\/media\/230351"}],"wp:attachment":[{"href":"https:\/\/rnoticias.com.mx\/Portal\/wp-json\/wp\/v2\/media?parent=230350"}],"wp:term":[{"taxonomy":"category","embeddable":true,"href":"https:\/\/rnoticias.com.mx\/Portal\/wp-json\/wp\/v2\/categories?post=230350"},{"taxonomy":"post_tag","embeddable":true,"href":"https:\/\/rnoticias.com.mx\/Portal\/wp-json\/wp\/v2\/tags?post=230350"}],"curies":[{"name":"wp","href":"https:\/\/api.w.org\/{rel}","templated":true}]}}