{"id":230323,"date":"2025-09-24T16:47:37","date_gmt":"2025-09-24T23:47:37","guid":{"rendered":"https:\/\/rnoticias.com.mx\/Portal\/?p=230323"},"modified":"2025-09-24T16:47:37","modified_gmt":"2025-09-24T23:47:37","slug":"cerrara-el-28-de-septiembre-convocatoria-para-premio-municipal-de-la-juventud-2025","status":"publish","type":"post","link":"https:\/\/rnoticias.com.mx\/Portal\/2025\/09\/24\/cerrara-el-28-de-septiembre-convocatoria-para-premio-municipal-de-la-juventud-2025\/","title":{"rendered":"Cerrar\u00e1 el 28 de septiembre convocatoria para Premio Municipal de la Juventud 2025"},"content":{"rendered":"<p>Hermosillo, Sonora; 24 de septiembre de 2025.- Francisco Villaescusa Carrillo, director del Instituto Hermosillense de la Juventud (IHJ), record\u00f3 que el pr\u00f3ximo domingo 28 de septiembre cerrar\u00e1 la convocatoria para el Premio Municipal de la Juventud 2025, que reconocer\u00e1 a 13 j\u00f3venes destacados en diferentes \u00e1reas, con una bolsa de 260 mil pesos en premios, distribuidos en dos categor\u00edas.<\/p>\n<p>\u201cBuscamos que estos j\u00f3venes se capaciten, que tienen dudas en c\u00f3mo hacer cierta cosa de su organizaci\u00f3n, de su causa, nosotros ser el medio para enfocarlo y encarrilarlo, durante y despu\u00e9s darle seguimiento a todos los que est\u00e1n haciendo algo bueno para su ciudad, para sus compa\u00f1eros o para sus amigos\u201d, coment\u00f3 Villaescusa Carrillo.<\/p>\n<p>Las y los participantes deben cumplir con requisitos como tener nacionalidad mexicana, ser originarios de Hermosillo o residir en la ciudad al menos desde hace un a\u00f1o, elegir una sola distinci\u00f3n, entregar documentaci\u00f3n tanto en forma digital como f\u00edsica en las oficinas del instituto y grabar un video de m\u00e1ximo tres minutos, publicarlo en YouTube de manera p\u00fablica y exponer en este sus motivos para ser galardonados.<\/p>\n<p>Los ganadores ser\u00e1n dados a conocer en el evento de premiaci\u00f3n el pr\u00f3ximo 21 de octubre de 2025, con la participaci\u00f3n de un jurado integrado por siete especialistas y representantes de la sociedad hermosillense, quienes evaluar\u00e1n las propuestas y trayectorias de las y los j\u00f3venes inscritos.<\/p>\n<p>Las inscripciones est\u00e1n disponibles en l\u00ednea, a trav\u00e9s de las redes sociales oficiales del Instituto, donde tambi\u00e9n se pueden consultar las bases y requisitos. Cada una de las 13 distinciones contempla un premio de 20 mil pesos.<\/p>\n<p>Categor\u00edas y distinciones:<\/p>\n<p>Impulso (12 a 19 a\u00f1os)<br \/>\n-Talento cient\u00edfico y tecnol\u00f3gico<br \/>\n-Sustentabilidad y medio ambiente<br \/>\n-Inclusi\u00f3n y discapacidad<br \/>\n-Arte y cultura<br \/>\n-Creaci\u00f3n de contenido<br \/>\n-Logro acad\u00e9mico<\/p>\n<p>Trascendencia (20 a 29 a\u00f1os)<\/p>\n<p>-Liderazgo ambiental<br \/>\n-Impacto digital<br \/>\n-Innovaci\u00f3n tecnol\u00f3gica<br \/>\n-Acci\u00f3n inclusiva<br \/>\n-Expresi\u00f3n art\u00edstica y cultural<br \/>\n-Identidad y ra\u00edces<br \/>\n-Juventud emprendedora<\/p>\n","protected":false},"excerpt":{"rendered":"<p>Hermosillo, Sonora; 24 de septiembre de 2025.- Francisco Villaescusa Carrillo, director del Instituto Hermosillense de la Juventud (IHJ), record\u00f3 que el pr\u00f3ximo domingo 28 de septiembre cerrar\u00e1 la convocatoria para el Premio Municipal de la Juventud 2025, que reconocer\u00e1 a 13 j\u00f3venes destacados en diferentes \u00e1reas, con una bolsa de 260 mil pesos en premios, [&hellip;]<\/p>\n","protected":false},"author":2,"featured_media":230324,"comment_status":"closed","ping_status":"closed","sticky":false,"template":"","format":"standard","meta":{"footnotes":""},"categories":[12870,178],"tags":[12865,12869],"class_list":["post-230323","post","type-post","status-publish","format-standard","has-post-thumbnail","hentry","category-destacadas","category-local","tag-destacadas","tag-local"],"jetpack_featured_media_url":"https:\/\/rnoticias.com.mx\/Portal\/wp-content\/uploads\/2025\/09\/b2ccd9e2-cc18-4843-a48b-f74e4869925b.jpeg","amp_enabled":true,"_links":{"self":[{"href":"https:\/\/rnoticias.com.mx\/Portal\/wp-json\/wp\/v2\/posts\/230323","targetHints":{"allow":["GET"]}}],"collection":[{"href":"https:\/\/rnoticias.com.mx\/Portal\/wp-json\/wp\/v2\/posts"}],"about":[{"href":"https:\/\/rnoticias.com.mx\/Portal\/wp-json\/wp\/v2\/types\/post"}],"author":[{"embeddable":true,"href":"https:\/\/rnoticias.com.mx\/Portal\/wp-json\/wp\/v2\/users\/2"}],"replies":[{"embeddable":true,"href":"https:\/\/rnoticias.com.mx\/Portal\/wp-json\/wp\/v2\/comments?post=230323"}],"version-history":[{"count":1,"href":"https:\/\/rnoticias.com.mx\/Portal\/wp-json\/wp\/v2\/posts\/230323\/revisions"}],"predecessor-version":[{"id":230325,"href":"https:\/\/rnoticias.com.mx\/Portal\/wp-json\/wp\/v2\/posts\/230323\/revisions\/230325"}],"wp:featuredmedia":[{"embeddable":true,"href":"https:\/\/rnoticias.com.mx\/Portal\/wp-json\/wp\/v2\/media\/230324"}],"wp:attachment":[{"href":"https:\/\/rnoticias.com.mx\/Portal\/wp-json\/wp\/v2\/media?parent=230323"}],"wp:term":[{"taxonomy":"category","embeddable":true,"href":"https:\/\/rnoticias.com.mx\/Portal\/wp-json\/wp\/v2\/categories?post=230323"},{"taxonomy":"post_tag","embeddable":true,"href":"https:\/\/rnoticias.com.mx\/Portal\/wp-json\/wp\/v2\/tags?post=230323"}],"curies":[{"name":"wp","href":"https:\/\/api.w.org\/{rel}","templated":true}]}}