{"id":230309,"date":"2025-09-24T16:06:18","date_gmt":"2025-09-24T23:06:18","guid":{"rendered":"https:\/\/rnoticias.com.mx\/Portal\/?p=230309"},"modified":"2025-09-24T16:06:18","modified_gmt":"2025-09-24T23:06:18","slug":"detienen-a-38-integrantes-de-la-luz-del-mundo-en-campo-de-adiestramiento-en-vista-hermosa-michoacan","status":"publish","type":"post","link":"https:\/\/rnoticias.com.mx\/Portal\/2025\/09\/24\/detienen-a-38-integrantes-de-la-luz-del-mundo-en-campo-de-adiestramiento-en-vista-hermosa-michoacan\/","title":{"rendered":"Detienen a 38 integrantes de la Luz del Mundo en campo de adiestramiento en Vista Hermosa, Michoac\u00e1n"},"content":{"rendered":"<p><strong>Un total de 38 hombres que se identificaron como presuntos miembros de la pol\u00e9mica congregaci\u00f3n religiosa La Luz del Mundo<\/strong>\u00a0fueron detenidos en un campo clandestino de adiestramiento en t\u00e1cticas paramilitares, en el oeste de M\u00e9xico.<\/p>\n<p>La Secretar\u00eda de Seguridad P\u00fablica del estado de Michoac\u00e1n (SSP),\u00a0<strong>inform\u00f3 que los 38 hombres fueron arrestados la tarde del martes en un \u00e1rea de invernaderos, en el municipio de Vista Hermosa,<\/strong>\u00a0colindante con el estado de Jalisco.<\/p>\n<p>Agentes de la SSP sorprendieron a los detenidos cuando supuestamente realizaban un entrenamiento t\u00e1ctico, operativo similar al que realizan las Fuerzas Armadas de M\u00e9xico, con una pistola calibre nueve mil\u00edmetros, as\u00ed como 19 r\u00e9plicas de pistolas y rifles de asalto, cuchillos, navajas, vestimentas t\u00e1cticas, cascos bal\u00edsticos, equipo de c\u00f3mputo y de radiocomunicaci\u00f3n, as\u00ed como una<strong>\u00a0&#8220;caja de simulaci\u00f3n de bomba casera&#8221;.<\/strong><\/p>\n<p>Uno de los detenidos dijo ser ciudadano de Estados Unidos, mientras que el resto afirmaron ser originarios de los estados mexicanos de\u00a0<strong>Michoac\u00e1n, Jalisco, Nayarit, Estado de M\u00e9xico y Guerrero.<\/strong><\/p>\n<p>Los 38 hombres fueron trasladados a las instalaciones de la Fiscal\u00eda General de la Rep\u00fablica (FGR) en la ciudad de Morelia, capital de Michoac\u00e1n, donde se investiga el por qu\u00e9 cuenta la congregaci\u00f3n religiosa con este campo de adiestramiento.<\/p>\n<p>De acuerdo con sus primeras declaraciones, los detenidos presumiblemente fueron reclutados para formar parte de lo que denominaron una\u00a0<strong>&#8220;guardia secreta&#8221;<\/strong>\u00a0de La Luz del Mundo, supuestamente encargada de dar seguridad a templos y l\u00edderes religiosos.<\/p>\n<p>La FGR tambi\u00e9n investiga si existe relaci\u00f3n de los detenidos con el Cartel Jalisco Nueva Generaci\u00f3n (CJNG), una de las organizaciones criminales m\u00e1s peligrosas de M\u00e9xico que tiene su centro de operaciones en los l\u00edmites de Jalisco y Michoac\u00e1n, la cual se ha destacado por contar con campos de adiestramiento de sicarios en la regi\u00f3n.<\/p>\n<p>La Luz del Mundo cuenta con m\u00e1s de un mill\u00f3n de integrantes, aunque uno de sus principales l\u00edderes en M\u00e9xico, Naas\u00f3n Joaqu\u00edn Garc\u00eda, enfrenta una condena de 17 a\u00f1os de prisi\u00f3n en Estados Unidos, por el delito de abuso sexual de menores.<\/p>\n<p>Naas\u00f3n Joaqu\u00edn, el martes tambi\u00e9n se declar\u00f3\u00a0<strong>&#8220;no culpable&#8221;<\/strong>\u00a0de nuevos cargos de conspiraci\u00f3n de crimen organizado, tr\u00e1fico sexual y explotaci\u00f3n infantil, que le imputa una Fiscal\u00eda de Distrito en Nueva York.<\/p>\n<p>El l\u00edder religioso fue detenido el 3 de junio del 2019 en el aeropuerto de Los \u00c1ngeles, California, bajo los cargos de tr\u00e1fico de personas, producci\u00f3n de pornograf\u00eda infantil y violaci\u00f3n forzada de un menor, los cuales habr\u00eda cometido cuando dirig\u00eda La Luz de Mundo en M\u00e9xico, entre los a\u00f1os 2015 y 2018.<\/p>\n<p>Varios seguidores de La Luz del Mundo compitieron en la reciente elecci\u00f3n judicial de M\u00e9xico, el pasado 01 de septiembre, logrando convertirse en juezas al menos dos mujeres relacionadas con este grupo religioso.<\/p>\n","protected":false},"excerpt":{"rendered":"<p>Un total de 38 hombres que se identificaron como presuntos miembros de la pol\u00e9mica congregaci\u00f3n religiosa La Luz del Mundo\u00a0fueron detenidos en un campo clandestino de adiestramiento en t\u00e1cticas paramilitares, en el oeste de M\u00e9xico. La Secretar\u00eda de Seguridad P\u00fablica del estado de Michoac\u00e1n (SSP),\u00a0inform\u00f3 que los 38 hombres fueron arrestados la tarde del martes [&hellip;]<\/p>\n","protected":false},"author":2,"featured_media":230310,"comment_status":"closed","ping_status":"closed","sticky":false,"template":"","format":"standard","meta":{"footnotes":""},"categories":[12870,172],"tags":[12865,12874],"class_list":["post-230309","post","type-post","status-publish","format-standard","has-post-thumbnail","hentry","category-destacadas","category-nacional","tag-destacadas","tag-nacional"],"jetpack_featured_media_url":"https:\/\/rnoticias.com.mx\/Portal\/wp-content\/uploads\/2025\/09\/large_INFO_7_VERTICAL_8_ebb65f0430.jpg","amp_enabled":true,"_links":{"self":[{"href":"https:\/\/rnoticias.com.mx\/Portal\/wp-json\/wp\/v2\/posts\/230309","targetHints":{"allow":["GET"]}}],"collection":[{"href":"https:\/\/rnoticias.com.mx\/Portal\/wp-json\/wp\/v2\/posts"}],"about":[{"href":"https:\/\/rnoticias.com.mx\/Portal\/wp-json\/wp\/v2\/types\/post"}],"author":[{"embeddable":true,"href":"https:\/\/rnoticias.com.mx\/Portal\/wp-json\/wp\/v2\/users\/2"}],"replies":[{"embeddable":true,"href":"https:\/\/rnoticias.com.mx\/Portal\/wp-json\/wp\/v2\/comments?post=230309"}],"version-history":[{"count":1,"href":"https:\/\/rnoticias.com.mx\/Portal\/wp-json\/wp\/v2\/posts\/230309\/revisions"}],"predecessor-version":[{"id":230311,"href":"https:\/\/rnoticias.com.mx\/Portal\/wp-json\/wp\/v2\/posts\/230309\/revisions\/230311"}],"wp:featuredmedia":[{"embeddable":true,"href":"https:\/\/rnoticias.com.mx\/Portal\/wp-json\/wp\/v2\/media\/230310"}],"wp:attachment":[{"href":"https:\/\/rnoticias.com.mx\/Portal\/wp-json\/wp\/v2\/media?parent=230309"}],"wp:term":[{"taxonomy":"category","embeddable":true,"href":"https:\/\/rnoticias.com.mx\/Portal\/wp-json\/wp\/v2\/categories?post=230309"},{"taxonomy":"post_tag","embeddable":true,"href":"https:\/\/rnoticias.com.mx\/Portal\/wp-json\/wp\/v2\/tags?post=230309"}],"curies":[{"name":"wp","href":"https:\/\/api.w.org\/{rel}","templated":true}]}}