{"id":230306,"date":"2025-09-24T16:03:57","date_gmt":"2025-09-24T23:03:57","guid":{"rendered":"https:\/\/rnoticias.com.mx\/Portal\/?p=230306"},"modified":"2025-09-24T16:03:57","modified_gmt":"2025-09-24T23:03:57","slug":"invita-gobierno-de-sonora-a-festejar-los-40-anos-del-museo-comcaac-en-bahia-de-kino","status":"publish","type":"post","link":"https:\/\/rnoticias.com.mx\/Portal\/2025\/09\/24\/invita-gobierno-de-sonora-a-festejar-los-40-anos-del-museo-comcaac-en-bahia-de-kino\/","title":{"rendered":"Invita Gobierno de Sonora a festejar los 40 a\u00f1os del Museo Comc\u00e1ac en Bah\u00eda de Kino"},"content":{"rendered":"<p>Hermosillo, Sonora; 24 de septiembre de 2025.\u2013 El Gobierno de Sonora, a trav\u00e9s de la Secretar\u00eda de Educaci\u00f3n y Cultura (SEC) y el Instituto Sonorense de Cultura (ISC), invita a la comunidad a ser parte de la celebraci\u00f3n del 40 aniversario del Museo Comc\u00e1ac en Bah\u00eda de Kino. Este domingo 28 de septiembre, el museo abrir\u00e1 sus puertas a las 11:00 horas para una jornada \u00fanica.<\/p>\n<p>\u201cCelebrar los 40 a\u00f1os del Museo Comc\u00e1ac en Bah\u00eda de Kino es honrar la memoria, la resistencia y la vitalidad de la Naci\u00f3n Comc\u00e1ac; este recinto ha sido durante cuatro d\u00e9cadas un guardi\u00e1n del patrimonio cultural de ese grupo originario y un espacio de encuentro que nutre la identidad sonorense. Desde el Instituto Sonorense de Cultura reiteramos nuestra labor y compromiso de acompa\u00f1ar a la comunidad en la preservaci\u00f3n y difusi\u00f3n de este legado invaluable para la humanidad\u201d, expres\u00f3 Beatriz Aldaco, directora general del ISC.<\/p>\n<p>La celebraci\u00f3n incluir\u00e1 cantos, danzas, juegos y gastronom\u00eda tradicional, una oportunidad para vivir de cerca las expresiones que han dado identidad a esta comunidad originaria.<\/p>\n<p>Adem\u00e1s, se estrenar\u00e1 el documental Museo Comc\u00e1ac, guardi\u00e1n de historias y tradiciones ancestrales: \u201cEs una reflexi\u00f3n y un acercamiento narrativo de 30 minutos a trav\u00e9s de la historia del museo, que se ha convertido en una pieza clave en la localidad. A lo largo de seis meses de trabajo con antrop\u00f3logos, historiadores, gestores culturales y miembros de la etnia, recogimos testimonios que nos comparten su visi\u00f3n de este recinto que pertenece a todos los sonorenses\u201d, revel\u00f3 L\u00e1zaro Grimaldi, productor audiovisual del ISC.<\/p>\n<p>El evento tambi\u00e9n contar\u00e1 con la inauguraci\u00f3n de la exposici\u00f3n fotogr\u00e1fica Fibras del desierto, de Yolanda Jaramillo, V\u00edctor Hurtado y Gregorio Ruiz Escamilla, que capturan la belleza y la creatividad de los paisajes y tradiciones del desierto.<\/p>\n<p>Este aniversario es m\u00e1s que una fecha: es una fiesta de memoria, identidad y orgullo sonorense. No pierdas la oportunidad de celebrar junto con la comunidad y descubrir la historia viva que ha mantenido el museo como un espacio esencial para preservar y difundir el legado de los comcaac.<\/p>\n<p>Consulta la agenda de actividades culturales de la entidad en\u00a0<a href=\"http:\/\/isc.sonora.edu.mx\/\" target=\"_blank\" rel=\"noopener\" data-saferedirecturl=\"https:\/\/www.google.com\/url?q=http:\/\/isc.sonora.edu.mx&amp;source=gmail&amp;ust=1758840127060000&amp;usg=AOvVaw1w_cmLSRvLyE2FZBomcI7o\">isc.sonora.edu.mx<\/a>\u00a0y en redes sociales a trav\u00e9s de @iscsonora.<\/p>\n","protected":false},"excerpt":{"rendered":"<p>Hermosillo, Sonora; 24 de septiembre de 2025.\u2013 El Gobierno de Sonora, a trav\u00e9s de la Secretar\u00eda de Educaci\u00f3n y Cultura (SEC) y el Instituto Sonorense de Cultura (ISC), invita a la comunidad a ser parte de la celebraci\u00f3n del 40 aniversario del Museo Comc\u00e1ac en Bah\u00eda de Kino. Este domingo 28 de septiembre, el museo [&hellip;]<\/p>\n","protected":false},"author":2,"featured_media":230307,"comment_status":"closed","ping_status":"closed","sticky":false,"template":"","format":"standard","meta":{"footnotes":""},"categories":[12870,178],"tags":[12865,12869],"class_list":["post-230306","post","type-post","status-publish","format-standard","has-post-thumbnail","hentry","category-destacadas","category-local","tag-destacadas","tag-local"],"jetpack_featured_media_url":"https:\/\/rnoticias.com.mx\/Portal\/wp-content\/uploads\/2025\/09\/2wa.jpg","amp_enabled":true,"_links":{"self":[{"href":"https:\/\/rnoticias.com.mx\/Portal\/wp-json\/wp\/v2\/posts\/230306","targetHints":{"allow":["GET"]}}],"collection":[{"href":"https:\/\/rnoticias.com.mx\/Portal\/wp-json\/wp\/v2\/posts"}],"about":[{"href":"https:\/\/rnoticias.com.mx\/Portal\/wp-json\/wp\/v2\/types\/post"}],"author":[{"embeddable":true,"href":"https:\/\/rnoticias.com.mx\/Portal\/wp-json\/wp\/v2\/users\/2"}],"replies":[{"embeddable":true,"href":"https:\/\/rnoticias.com.mx\/Portal\/wp-json\/wp\/v2\/comments?post=230306"}],"version-history":[{"count":1,"href":"https:\/\/rnoticias.com.mx\/Portal\/wp-json\/wp\/v2\/posts\/230306\/revisions"}],"predecessor-version":[{"id":230308,"href":"https:\/\/rnoticias.com.mx\/Portal\/wp-json\/wp\/v2\/posts\/230306\/revisions\/230308"}],"wp:featuredmedia":[{"embeddable":true,"href":"https:\/\/rnoticias.com.mx\/Portal\/wp-json\/wp\/v2\/media\/230307"}],"wp:attachment":[{"href":"https:\/\/rnoticias.com.mx\/Portal\/wp-json\/wp\/v2\/media?parent=230306"}],"wp:term":[{"taxonomy":"category","embeddable":true,"href":"https:\/\/rnoticias.com.mx\/Portal\/wp-json\/wp\/v2\/categories?post=230306"},{"taxonomy":"post_tag","embeddable":true,"href":"https:\/\/rnoticias.com.mx\/Portal\/wp-json\/wp\/v2\/tags?post=230306"}],"curies":[{"name":"wp","href":"https:\/\/api.w.org\/{rel}","templated":true}]}}