{"id":230300,"date":"2025-09-24T15:59:15","date_gmt":"2025-09-24T22:59:15","guid":{"rendered":"https:\/\/rnoticias.com.mx\/Portal\/?p=230300"},"modified":"2025-09-24T15:59:15","modified_gmt":"2025-09-24T22:59:15","slug":"monzon-y-frente-frio-traeran-lluvias-y-descenso-de-temperatura-a-sonora-a-partir-de-manana-conagua","status":"publish","type":"post","link":"https:\/\/rnoticias.com.mx\/Portal\/2025\/09\/24\/monzon-y-frente-frio-traeran-lluvias-y-descenso-de-temperatura-a-sonora-a-partir-de-manana-conagua\/","title":{"rendered":"Monz\u00f3n y frente fr\u00edo traer\u00e1n lluvias y descenso de temperatura a Sonora a partir de ma\u00f1ana: Conagua"},"content":{"rendered":"<p>La Comisi\u00f3n Nacional del Agua (CONAGUA), inform\u00f3 que hay condiciones para que se presentan condiciones favorables para lluvias ligeras a moderadas en la regi\u00f3n oriental y la sierra sur del estado de Sonora, debido a la influencia del monz\u00f3n mexicano.<\/p>\n<p>&nbsp;<\/p>\n<p>Gilberto Lagarda V\u00e1zquez, especialista t\u00e9cnico, inform\u00f3 que la probabilidad de precipitaci\u00f3n en estas zonas es del 40%, mientras que el resto del estado experimentar\u00e1 condiciones secas a lo largo del d\u00eda.<\/p>\n<p>&nbsp;<\/p>\n<p>\u201cYa que se espera un aumento en el flujo de humedad, adem\u00e1s\u00a0de que el monz\u00f3n estar\u00e1, se juntar\u00e1 con el arribo de un frente fr\u00edo, en los cuales se esperan que\u00a0generen lluvias en la mayor parte del estado de Sonora y estas condiciones se mantengan por buena\u00a0parte el fin de semana, generando lluvias desde ligeras hasta muy fuertes en lo que es la zona,\u00a0la mayor parte del estado de Sonora\u201d, dijo.<\/p>\n<p>&nbsp;<\/p>\n<p>Enfatiz\u00f3, que esta combinaci\u00f3n de efectos, incrementar\u00e1 notablemente la posibilidad de lluvias en gran parte del estado, con porcentajes que van del 40% al 80%, dependiendo de la regi\u00f3n.<\/p>\n<p>&nbsp;<\/p>\n<p>Finalmente, Gilberto Lagarda coment\u00f3, que estas lluvias se mantendr\u00e1n por varios d\u00edas e incluso se prev\u00e9 una reducci\u00f3n marcada de temperaturas en la mayor parte del estado.<\/p>\n","protected":false},"excerpt":{"rendered":"<p>La Comisi\u00f3n Nacional del Agua (CONAGUA), inform\u00f3 que hay condiciones para que se presentan condiciones favorables para lluvias ligeras a moderadas en la regi\u00f3n oriental y la sierra sur del estado de Sonora, debido a la influencia del monz\u00f3n mexicano. &nbsp; Gilberto Lagarda V\u00e1zquez, especialista t\u00e9cnico, inform\u00f3 que la probabilidad de precipitaci\u00f3n en estas zonas [&hellip;]<\/p>\n","protected":false},"author":2,"featured_media":230301,"comment_status":"closed","ping_status":"closed","sticky":false,"template":"","format":"standard","meta":{"footnotes":""},"categories":[12870,178],"tags":[12865,12869],"class_list":["post-230300","post","type-post","status-publish","format-standard","has-post-thumbnail","hentry","category-destacadas","category-local","tag-destacadas","tag-local"],"jetpack_featured_media_url":"https:\/\/rnoticias.com.mx\/Portal\/wp-content\/uploads\/2025\/09\/70933.jpg","amp_enabled":true,"_links":{"self":[{"href":"https:\/\/rnoticias.com.mx\/Portal\/wp-json\/wp\/v2\/posts\/230300","targetHints":{"allow":["GET"]}}],"collection":[{"href":"https:\/\/rnoticias.com.mx\/Portal\/wp-json\/wp\/v2\/posts"}],"about":[{"href":"https:\/\/rnoticias.com.mx\/Portal\/wp-json\/wp\/v2\/types\/post"}],"author":[{"embeddable":true,"href":"https:\/\/rnoticias.com.mx\/Portal\/wp-json\/wp\/v2\/users\/2"}],"replies":[{"embeddable":true,"href":"https:\/\/rnoticias.com.mx\/Portal\/wp-json\/wp\/v2\/comments?post=230300"}],"version-history":[{"count":1,"href":"https:\/\/rnoticias.com.mx\/Portal\/wp-json\/wp\/v2\/posts\/230300\/revisions"}],"predecessor-version":[{"id":230302,"href":"https:\/\/rnoticias.com.mx\/Portal\/wp-json\/wp\/v2\/posts\/230300\/revisions\/230302"}],"wp:featuredmedia":[{"embeddable":true,"href":"https:\/\/rnoticias.com.mx\/Portal\/wp-json\/wp\/v2\/media\/230301"}],"wp:attachment":[{"href":"https:\/\/rnoticias.com.mx\/Portal\/wp-json\/wp\/v2\/media?parent=230300"}],"wp:term":[{"taxonomy":"category","embeddable":true,"href":"https:\/\/rnoticias.com.mx\/Portal\/wp-json\/wp\/v2\/categories?post=230300"},{"taxonomy":"post_tag","embeddable":true,"href":"https:\/\/rnoticias.com.mx\/Portal\/wp-json\/wp\/v2\/tags?post=230300"}],"curies":[{"name":"wp","href":"https:\/\/api.w.org\/{rel}","templated":true}]}}