{"id":230295,"date":"2025-09-24T13:42:49","date_gmt":"2025-09-24T20:42:49","guid":{"rendered":"https:\/\/rnoticias.com.mx\/Portal\/?p=230295"},"modified":"2025-09-24T13:42:49","modified_gmt":"2025-09-24T20:42:49","slug":"tengo-el-respaldo-de-millones-de-mexicanos-adan-augusto-sobre-caso-hernan-bermudez","status":"publish","type":"post","link":"https:\/\/rnoticias.com.mx\/Portal\/2025\/09\/24\/tengo-el-respaldo-de-millones-de-mexicanos-adan-augusto-sobre-caso-hernan-bermudez\/","title":{"rendered":"\u201cTengo el respaldo de millones de mexicanos\u201d: Ad\u00e1n Augusto sobre caso Hern\u00e1n Berm\u00fadez"},"content":{"rendered":"<p>El senador\u00a0<strong>Ad\u00e1n Augusto L\u00f3pez Hern\u00e1ndez<\/strong>\u00a0asegur\u00f3 este mi\u00e9rcoles tener el respaldo de &#8220;millones de mexicanos&#8221; que forman parte del movimiento de Morena, en referencia al caso de\u00a0<strong>Hern\u00e1n Berm\u00fadez<\/strong>, quien actualmente se encuentra detenido en el Penal del Altiplano.<\/p>\n<p>L\u00f3pez Hern\u00e1ndez desestim\u00f3 el expediente contra su\u00a0<strong>ex secretario de Seguridad<\/strong>\u00a0en el que se menciona que Berm\u00fadez gestion\u00f3 acuerdos para que cuando L\u00f3pez Hern\u00e1ndez asumiera la gubernatura en\u00a0<strong>Tabasco<\/strong>\u00a0en 2019, no ocurrieran disturbios en la entidad. En este sentido, neg\u00f3 que nunca ha existido dinero del\u00a0<strong>narcotr\u00e1fico<\/strong>\u00a0involucrado en las elecciones del estado.<\/p>\n<p>Asimismo, asegur\u00f3 que no se puede \u201csaber qu\u00e9 contiene el expediente de esas averiguaciones, porque las carpetas est\u00e1n obligadas guardar la secrec\u00eda de la\u00a0<strong>investigaci\u00f3n<\/strong>\u201d. &#8220;A esa filtraci\u00f3n, yo respondo que es inexacto hasta en los tiempos, porque c\u00f3mo le voy a pedir yo, siendo candidato electo, pues las elecciones en Tabasco siempre transcurren en paz&#8221;, afirm\u00f3.<\/p>\n<p>Ad\u00e1n Augusto reiter\u00f3 su disposici\u00f3n para acudir a declarar en la eventualidad de que la\u00a0<strong>Fiscal\u00eda General de la Rep\u00fablica<\/strong>\u00a0(FGR) o la\u00a0<strong>Fiscal\u00eda General del Estado de Tabasco<\/strong>\u00a0lo requieran.<\/p>\n<p>&nbsp;<\/p>\n<p>Fuente: el diario de Chihuahua<\/p>\n","protected":false},"excerpt":{"rendered":"<p>El senador\u00a0Ad\u00e1n Augusto L\u00f3pez Hern\u00e1ndez\u00a0asegur\u00f3 este mi\u00e9rcoles tener el respaldo de &#8220;millones de mexicanos&#8221; que forman parte del movimiento de Morena, en referencia al caso de\u00a0Hern\u00e1n Berm\u00fadez, quien actualmente se encuentra detenido en el Penal del Altiplano. L\u00f3pez Hern\u00e1ndez desestim\u00f3 el expediente contra su\u00a0ex secretario de Seguridad\u00a0en el que se menciona que Berm\u00fadez gestion\u00f3 acuerdos [&hellip;]<\/p>\n","protected":false},"author":2,"featured_media":230296,"comment_status":"closed","ping_status":"closed","sticky":false,"template":"","format":"standard","meta":{"footnotes":""},"categories":[12870,12868],"tags":[12865,12879],"class_list":["post-230295","post","type-post","status-publish","format-standard","has-post-thumbnail","hentry","category-destacadas","category-politica","tag-destacadas","tag-politica"],"jetpack_featured_media_url":"https:\/\/rnoticias.com.mx\/Portal\/wp-content\/uploads\/2025\/09\/Tengo-el-respaldo-de-millones-_2688828.jpg","amp_enabled":true,"_links":{"self":[{"href":"https:\/\/rnoticias.com.mx\/Portal\/wp-json\/wp\/v2\/posts\/230295","targetHints":{"allow":["GET"]}}],"collection":[{"href":"https:\/\/rnoticias.com.mx\/Portal\/wp-json\/wp\/v2\/posts"}],"about":[{"href":"https:\/\/rnoticias.com.mx\/Portal\/wp-json\/wp\/v2\/types\/post"}],"author":[{"embeddable":true,"href":"https:\/\/rnoticias.com.mx\/Portal\/wp-json\/wp\/v2\/users\/2"}],"replies":[{"embeddable":true,"href":"https:\/\/rnoticias.com.mx\/Portal\/wp-json\/wp\/v2\/comments?post=230295"}],"version-history":[{"count":1,"href":"https:\/\/rnoticias.com.mx\/Portal\/wp-json\/wp\/v2\/posts\/230295\/revisions"}],"predecessor-version":[{"id":230297,"href":"https:\/\/rnoticias.com.mx\/Portal\/wp-json\/wp\/v2\/posts\/230295\/revisions\/230297"}],"wp:featuredmedia":[{"embeddable":true,"href":"https:\/\/rnoticias.com.mx\/Portal\/wp-json\/wp\/v2\/media\/230296"}],"wp:attachment":[{"href":"https:\/\/rnoticias.com.mx\/Portal\/wp-json\/wp\/v2\/media?parent=230295"}],"wp:term":[{"taxonomy":"category","embeddable":true,"href":"https:\/\/rnoticias.com.mx\/Portal\/wp-json\/wp\/v2\/categories?post=230295"},{"taxonomy":"post_tag","embeddable":true,"href":"https:\/\/rnoticias.com.mx\/Portal\/wp-json\/wp\/v2\/tags?post=230295"}],"curies":[{"name":"wp","href":"https:\/\/api.w.org\/{rel}","templated":true}]}}