{"id":230237,"date":"2025-09-24T07:47:23","date_gmt":"2025-09-24T14:47:23","guid":{"rendered":"https:\/\/rnoticias.com.mx\/Portal\/?p=230237"},"modified":"2025-09-24T07:47:23","modified_gmt":"2025-09-24T14:47:23","slug":"incidentes-entre-hinchas-del-lanus-y-la-policia-brasilena-en-las-gradas-del-maracana","status":"publish","type":"post","link":"https:\/\/rnoticias.com.mx\/Portal\/2025\/09\/24\/incidentes-entre-hinchas-del-lanus-y-la-policia-brasilena-en-las-gradas-del-maracana\/","title":{"rendered":"Incidentes entre hinchas del Lan\u00fas y la Polic\u00eda brasile\u00f1a en las gradas del Maracan\u00e1"},"content":{"rendered":"<p><strong>Aficionados del Lan\u00fas y agentes de la Polic\u00eda brasile\u00f1a chocaron este martes en las gradas del Maracan\u00e1 de R\u00edo de Janeiro,<\/strong>\u00a0en el partido de vuelta de cuartos de final de la Copa Sudamericana entre el equipo argentino y el Fluminense.<\/p>\n<p>Los incidentes tuvieron lugar durante el descanso y obligaron a retrasar varios minutos la segunda parte del encuentro.<\/p>\n<p>Seg\u00fan la Polic\u00eda Militar brasile\u00f1a, los altercados se originaron a partir de una pelea entre los propios fan\u00e1ticos del Lan\u00fas, lo que gener\u00f3 nerviosismo y carreras en el sector de la afici\u00f3n visitante.<\/p>\n<p><strong>La Polic\u00eda brasile\u00f1a intervino entonces para calmar los \u00e1nimos y reorganizar a la hinchada del Lan\u00fas. A\u00fan se desconoce si hubo heridos en los altercados.<\/strong><\/p>\n<p>Los jugadores del Lan\u00fas siguieron los acontecimientos con especial atenci\u00f3n y conversaron con el \u00e1rbitro venezolano Jes\u00fas Valenzuela.<\/p>\n<p>En un momento determinado, algunos futbolistas del Lan\u00fas incluso se acercaron al sector de la grada visitante para ver lo que suced\u00eda.<\/p>\n<p><strong>Fluminense recibe este martes al Lan\u00fas en busca de un billete para las semifinales de la Copa Sudamericana.<\/strong><\/p>\n<p>Al descanso, el conjunto de R\u00edo de Janeiro ganaba 1-0 gracias a un golazo del uruguayo Agust\u00edn Canobbio. El resultado de la ida fue 1-0 a favor del Lan\u00fas.<\/p>\n","protected":false},"excerpt":{"rendered":"<p>Aficionados del Lan\u00fas y agentes de la Polic\u00eda brasile\u00f1a chocaron este martes en las gradas del Maracan\u00e1 de R\u00edo de Janeiro,\u00a0en el partido de vuelta de cuartos de final de la Copa Sudamericana entre el equipo argentino y el Fluminense. Los incidentes tuvieron lugar durante el descanso y obligaron a retrasar varios minutos la segunda [&hellip;]<\/p>\n","protected":false},"author":2,"featured_media":230238,"comment_status":"closed","ping_status":"closed","sticky":false,"template":"","format":"standard","meta":{"footnotes":""},"categories":[188,12870],"tags":[5231,12865],"class_list":["post-230237","post","type-post","status-publish","format-standard","has-post-thumbnail","hentry","category-deportes","category-destacadas","tag-deportes","tag-destacadas"],"jetpack_featured_media_url":"https:\/\/rnoticias.com.mx\/Portal\/wp-content\/uploads\/2025\/09\/68d39e3365336.jpeg","amp_enabled":true,"_links":{"self":[{"href":"https:\/\/rnoticias.com.mx\/Portal\/wp-json\/wp\/v2\/posts\/230237","targetHints":{"allow":["GET"]}}],"collection":[{"href":"https:\/\/rnoticias.com.mx\/Portal\/wp-json\/wp\/v2\/posts"}],"about":[{"href":"https:\/\/rnoticias.com.mx\/Portal\/wp-json\/wp\/v2\/types\/post"}],"author":[{"embeddable":true,"href":"https:\/\/rnoticias.com.mx\/Portal\/wp-json\/wp\/v2\/users\/2"}],"replies":[{"embeddable":true,"href":"https:\/\/rnoticias.com.mx\/Portal\/wp-json\/wp\/v2\/comments?post=230237"}],"version-history":[{"count":1,"href":"https:\/\/rnoticias.com.mx\/Portal\/wp-json\/wp\/v2\/posts\/230237\/revisions"}],"predecessor-version":[{"id":230239,"href":"https:\/\/rnoticias.com.mx\/Portal\/wp-json\/wp\/v2\/posts\/230237\/revisions\/230239"}],"wp:featuredmedia":[{"embeddable":true,"href":"https:\/\/rnoticias.com.mx\/Portal\/wp-json\/wp\/v2\/media\/230238"}],"wp:attachment":[{"href":"https:\/\/rnoticias.com.mx\/Portal\/wp-json\/wp\/v2\/media?parent=230237"}],"wp:term":[{"taxonomy":"category","embeddable":true,"href":"https:\/\/rnoticias.com.mx\/Portal\/wp-json\/wp\/v2\/categories?post=230237"},{"taxonomy":"post_tag","embeddable":true,"href":"https:\/\/rnoticias.com.mx\/Portal\/wp-json\/wp\/v2\/tags?post=230237"}],"curies":[{"name":"wp","href":"https:\/\/api.w.org\/{rel}","templated":true}]}}