{"id":230234,"date":"2025-09-24T07:46:28","date_gmt":"2025-09-24T14:46:28","guid":{"rendered":"https:\/\/rnoticias.com.mx\/Portal\/?p=230234"},"modified":"2025-09-24T07:46:28","modified_gmt":"2025-09-24T14:46:28","slug":"cuenta-gobierno-del-estado-con-unidad-especializada-k-9","status":"publish","type":"post","link":"https:\/\/rnoticias.com.mx\/Portal\/2025\/09\/24\/cuenta-gobierno-del-estado-con-unidad-especializada-k-9\/","title":{"rendered":"Cuenta Gobierno del Estado con Unidad Especializada K-9"},"content":{"rendered":"<p align=\"left\">Hermosillo, Sonora; 24 de septiembre de 2025.\u2013 El Gobierno de Sonora, a trav\u00e9s de la Secretar\u00eda de Seguridad P\u00fablica (SSP), fortalece sus estrategias de prevenci\u00f3n y combate al delito con la Unidad Especializada K-9 de la Polic\u00eda Estatal, conformada por caninos entrenados en la detecci\u00f3n de narc\u00f3ticos, armas y divisas.<\/p>\n<p align=\"left\">Actualmente, la corporaci\u00f3n cuenta con 10 ejemplares caninos certificados, los cuales operan junto a 15 manejadores y un instructor en labores de inspecci\u00f3n, patrullajes, filtros de seguridad y acciones preventivas en beneficio de la ciudadan\u00eda.<\/p>\n<p align=\"left\">El gobernador Alfonso Durazo Monta\u00f1o ha reiterado que esta unidad forma parte del compromiso de su administraci\u00f3n para garantizar la seguridad de las familias sonorenses y mantener entornos m\u00e1s seguros en todo el estado.<\/p>\n<p align=\"left\">La Unidad K-9 representa un refuerzo estrat\u00e9gico que incrementa la capacidad operativa de la Polic\u00eda Estatal, al tiempo que simboliza los valores de disciplina, lealtad y servicio hacia la sociedad.<\/p>\n<p align=\"left\">En el marco del 21 de septiembre, D\u00eda del Binomio Canino, la SSP reconoce y celebra la labor de estos compa\u00f1eros de cuatro patas, quienes con valent\u00eda y compromiso contribuyen a la construcci\u00f3n de un Sonora m\u00e1s seguro.<\/p>\n","protected":false},"excerpt":{"rendered":"<p>Hermosillo, Sonora; 24 de septiembre de 2025.\u2013 El Gobierno de Sonora, a trav\u00e9s de la Secretar\u00eda de Seguridad P\u00fablica (SSP), fortalece sus estrategias de prevenci\u00f3n y combate al delito con la Unidad Especializada K-9 de la Polic\u00eda Estatal, conformada por caninos entrenados en la detecci\u00f3n de narc\u00f3ticos, armas y divisas. Actualmente, la corporaci\u00f3n cuenta con [&hellip;]<\/p>\n","protected":false},"author":2,"featured_media":230235,"comment_status":"closed","ping_status":"closed","sticky":false,"template":"","format":"standard","meta":{"footnotes":""},"categories":[12870,178],"tags":[12865,12869],"class_list":["post-230234","post","type-post","status-publish","format-standard","has-post-thumbnail","hentry","category-destacadas","category-local","tag-destacadas","tag-local"],"jetpack_featured_media_url":"https:\/\/rnoticias.com.mx\/Portal\/wp-content\/uploads\/2025\/09\/34.jpg","amp_enabled":true,"_links":{"self":[{"href":"https:\/\/rnoticias.com.mx\/Portal\/wp-json\/wp\/v2\/posts\/230234","targetHints":{"allow":["GET"]}}],"collection":[{"href":"https:\/\/rnoticias.com.mx\/Portal\/wp-json\/wp\/v2\/posts"}],"about":[{"href":"https:\/\/rnoticias.com.mx\/Portal\/wp-json\/wp\/v2\/types\/post"}],"author":[{"embeddable":true,"href":"https:\/\/rnoticias.com.mx\/Portal\/wp-json\/wp\/v2\/users\/2"}],"replies":[{"embeddable":true,"href":"https:\/\/rnoticias.com.mx\/Portal\/wp-json\/wp\/v2\/comments?post=230234"}],"version-history":[{"count":1,"href":"https:\/\/rnoticias.com.mx\/Portal\/wp-json\/wp\/v2\/posts\/230234\/revisions"}],"predecessor-version":[{"id":230236,"href":"https:\/\/rnoticias.com.mx\/Portal\/wp-json\/wp\/v2\/posts\/230234\/revisions\/230236"}],"wp:featuredmedia":[{"embeddable":true,"href":"https:\/\/rnoticias.com.mx\/Portal\/wp-json\/wp\/v2\/media\/230235"}],"wp:attachment":[{"href":"https:\/\/rnoticias.com.mx\/Portal\/wp-json\/wp\/v2\/media?parent=230234"}],"wp:term":[{"taxonomy":"category","embeddable":true,"href":"https:\/\/rnoticias.com.mx\/Portal\/wp-json\/wp\/v2\/categories?post=230234"},{"taxonomy":"post_tag","embeddable":true,"href":"https:\/\/rnoticias.com.mx\/Portal\/wp-json\/wp\/v2\/tags?post=230234"}],"curies":[{"name":"wp","href":"https:\/\/api.w.org\/{rel}","templated":true}]}}