{"id":230224,"date":"2025-09-23T21:17:21","date_gmt":"2025-09-24T04:17:21","guid":{"rendered":"https:\/\/rnoticias.com.mx\/Portal\/?p=230224"},"modified":"2025-09-23T21:17:21","modified_gmt":"2025-09-24T04:17:21","slug":"desaparece-venezolano-en-edomex-emiten-ficha-de-busqueda","status":"publish","type":"post","link":"https:\/\/rnoticias.com.mx\/Portal\/2025\/09\/23\/desaparece-venezolano-en-edomex-emiten-ficha-de-busqueda\/","title":{"rendered":"Desaparece venezolano en Edomex; emiten ficha de b\u00fasqueda"},"content":{"rendered":"<p><strong>Tayron Paredes Gamboa<\/strong>, un venezolano de 27 a\u00f1os fue reportado como desaparecido desde el 19 de septiembre en Cuautitl\u00e1n Izcalli,\u00a0<strong>Estado de M\u00e9xico<\/strong>, por lo que la\u00a0<strong>Comisi\u00f3n Nacional de B\u00fasqueda<\/strong>\u00a0emiti\u00f3 una ficha para localizarlo.<\/p>\n<p>De acuerdo con el registro oficial, Tayron fue visto por \u00faltima vez en el Estado de M\u00e9xico, aunque hasta ahora se desconoce el motivo de su visita. El documento detalla que Paredes Gamboa naci\u00f3 en Caracas, habla espa\u00f1ol y porta tatuajes en el antebrazo y el pecho del lado izquierdo.<\/p>\n<p>Familiares del Tayron revelaron que el venezolano se trasladaba en una motocicleta. En el \u00faltimo mensaje v\u00eda WhatsApp que les envi\u00f3, Paredes Gamboa dijo que se encontraba \u201cen medio del monte\u201d y que pensaba en regresar a su pa\u00eds.<\/p>\n<p>Por ello, las\u00a0<strong>autoridades<\/strong>\u00a0solicitaron el apoyo de la ciudadan\u00eda para aportar informaci\u00f3n que permita dar con su paradero y activar de inmediato los protocolos de b\u00fasqueda. Medios nacionales indican que Tayron Paredes se dedica a la m\u00fasica, mientras que otros han reportado que es repartidor por aplicaci\u00f3n.<\/p>\n<p>Su caso surge a pocos d\u00edas del\u00a0<strong>asesinato<\/strong>\u00a0de los artistas colombianos\u00a0<strong>B<\/strong>&#8211;<strong>King<\/strong>\u00a0y\u00a0<strong>Regio Clown<\/strong>, tambi\u00e9n en M\u00e9xico, quienes fueron hallados sin vida luego de ser reportados como\u00a0<strong>desaparecidos<\/strong>, lo que ha generado preocupaci\u00f3n entre autoridades y la comunidad musical.<\/p>\n<p>&nbsp;<\/p>\n<p>Fuente: milenio<\/p>\n","protected":false},"excerpt":{"rendered":"<p>Tayron Paredes Gamboa, un venezolano de 27 a\u00f1os fue reportado como desaparecido desde el 19 de septiembre en Cuautitl\u00e1n Izcalli,\u00a0Estado de M\u00e9xico, por lo que la\u00a0Comisi\u00f3n Nacional de B\u00fasqueda\u00a0emiti\u00f3 una ficha para localizarlo. De acuerdo con el registro oficial, Tayron fue visto por \u00faltima vez en el Estado de M\u00e9xico, aunque hasta ahora se desconoce [&hellip;]<\/p>\n","protected":false},"author":2,"featured_media":230225,"comment_status":"closed","ping_status":"closed","sticky":false,"template":"","format":"standard","meta":{"footnotes":""},"categories":[12870,172],"tags":[12865,12874],"class_list":["post-230224","post","type-post","status-publish","format-standard","has-post-thumbnail","hentry","category-destacadas","category-nacional","tag-destacadas","tag-nacional"],"jetpack_featured_media_url":"https:\/\/rnoticias.com.mx\/Portal\/wp-content\/uploads\/2025\/09\/Tyron-Paredes-Foto-ilustracion-cortesia-internet.png","amp_enabled":true,"_links":{"self":[{"href":"https:\/\/rnoticias.com.mx\/Portal\/wp-json\/wp\/v2\/posts\/230224","targetHints":{"allow":["GET"]}}],"collection":[{"href":"https:\/\/rnoticias.com.mx\/Portal\/wp-json\/wp\/v2\/posts"}],"about":[{"href":"https:\/\/rnoticias.com.mx\/Portal\/wp-json\/wp\/v2\/types\/post"}],"author":[{"embeddable":true,"href":"https:\/\/rnoticias.com.mx\/Portal\/wp-json\/wp\/v2\/users\/2"}],"replies":[{"embeddable":true,"href":"https:\/\/rnoticias.com.mx\/Portal\/wp-json\/wp\/v2\/comments?post=230224"}],"version-history":[{"count":1,"href":"https:\/\/rnoticias.com.mx\/Portal\/wp-json\/wp\/v2\/posts\/230224\/revisions"}],"predecessor-version":[{"id":230226,"href":"https:\/\/rnoticias.com.mx\/Portal\/wp-json\/wp\/v2\/posts\/230224\/revisions\/230226"}],"wp:featuredmedia":[{"embeddable":true,"href":"https:\/\/rnoticias.com.mx\/Portal\/wp-json\/wp\/v2\/media\/230225"}],"wp:attachment":[{"href":"https:\/\/rnoticias.com.mx\/Portal\/wp-json\/wp\/v2\/media?parent=230224"}],"wp:term":[{"taxonomy":"category","embeddable":true,"href":"https:\/\/rnoticias.com.mx\/Portal\/wp-json\/wp\/v2\/categories?post=230224"},{"taxonomy":"post_tag","embeddable":true,"href":"https:\/\/rnoticias.com.mx\/Portal\/wp-json\/wp\/v2\/tags?post=230224"}],"curies":[{"name":"wp","href":"https:\/\/api.w.org\/{rel}","templated":true}]}}