{"id":230215,"date":"2025-09-23T20:59:07","date_gmt":"2025-09-24T03:59:07","guid":{"rendered":"https:\/\/rnoticias.com.mx\/Portal\/?p=230215"},"modified":"2025-09-23T20:59:07","modified_gmt":"2025-09-24T03:59:07","slug":"unica-mujer-arbitro-en-el-mundial-es-mexicana","status":"publish","type":"post","link":"https:\/\/rnoticias.com.mx\/Portal\/2025\/09\/23\/unica-mujer-arbitro-en-el-mundial-es-mexicana\/","title":{"rendered":"\u00danica mujer \u00e1rbitro en el mundial \u00a1es mexicana!"},"content":{"rendered":"<p>A pocos d\u00edas de que arranque la justa mundialista Sub-20 en Chile, los \u00e1rbitros para el torneo han sido anunciados, y sorprende la presencia de la mexicana Katia Itzel Garc\u00eda como \u00fanica mujer designada como \u00e1rbitro central.<\/p>\n<p><strong>La competencia juvenil inicia el pr\u00f3ximo s\u00e1bado 27 de septiembre en tierras chilenas y durar\u00e1 hasta el 19 de octubre<\/strong>, un mundial donde las futuras estrellas del futbol mundial se desempe\u00f1ar\u00e1n ante los ojos de todo el mundo, y donde M\u00e9xico de la mano de Gilberto Mora buscar\u00e1 la gloria.<\/p>\n<p>Y como es costumbre en los \u00faltimos a\u00f1os,\u00a0<strong>Itzel Garc\u00eda ha sido la elegida por la FIFA para ser parte del cuerpo arbitral para la competici\u00f3n varonil,\u00a0<\/strong>donde estar\u00e1 acompa\u00f1ada por las tambi\u00e9n mexicanas,<strong>\u00a0Sandra Ram\u00edrez y Karen D\u00edaz como sus abanderadas.<\/strong><\/p>\n<p>Cabe destacar que la jueza central ya ha tenido experiencia siendo un parteaguas a nivel internacional,\u00a0<strong>al ser la primera mujer en arbitrar un encuentro masculino en la Copa Oro 2025.<\/strong><\/p>\n<p>&nbsp;<\/p>\n<p>&nbsp;<\/p>\n<p>Fuente: ESPN<\/p>\n","protected":false},"excerpt":{"rendered":"<p>A pocos d\u00edas de que arranque la justa mundialista Sub-20 en Chile, los \u00e1rbitros para el torneo han sido anunciados, y sorprende la presencia de la mexicana Katia Itzel Garc\u00eda como \u00fanica mujer designada como \u00e1rbitro central. La competencia juvenil inicia el pr\u00f3ximo s\u00e1bado 27 de septiembre en tierras chilenas y durar\u00e1 hasta el 19 [&hellip;]<\/p>\n","protected":false},"author":2,"featured_media":230216,"comment_status":"closed","ping_status":"closed","sticky":false,"template":"","format":"standard","meta":{"footnotes":""},"categories":[188,12870],"tags":[5231,12865],"class_list":["post-230215","post","type-post","status-publish","format-standard","has-post-thumbnail","hentry","category-deportes","category-destacadas","tag-deportes","tag-destacadas"],"jetpack_featured_media_url":"https:\/\/rnoticias.com.mx\/Portal\/wp-content\/uploads\/2025\/09\/katia-itzel-194832-1024x576-1.jpg","amp_enabled":true,"_links":{"self":[{"href":"https:\/\/rnoticias.com.mx\/Portal\/wp-json\/wp\/v2\/posts\/230215","targetHints":{"allow":["GET"]}}],"collection":[{"href":"https:\/\/rnoticias.com.mx\/Portal\/wp-json\/wp\/v2\/posts"}],"about":[{"href":"https:\/\/rnoticias.com.mx\/Portal\/wp-json\/wp\/v2\/types\/post"}],"author":[{"embeddable":true,"href":"https:\/\/rnoticias.com.mx\/Portal\/wp-json\/wp\/v2\/users\/2"}],"replies":[{"embeddable":true,"href":"https:\/\/rnoticias.com.mx\/Portal\/wp-json\/wp\/v2\/comments?post=230215"}],"version-history":[{"count":1,"href":"https:\/\/rnoticias.com.mx\/Portal\/wp-json\/wp\/v2\/posts\/230215\/revisions"}],"predecessor-version":[{"id":230217,"href":"https:\/\/rnoticias.com.mx\/Portal\/wp-json\/wp\/v2\/posts\/230215\/revisions\/230217"}],"wp:featuredmedia":[{"embeddable":true,"href":"https:\/\/rnoticias.com.mx\/Portal\/wp-json\/wp\/v2\/media\/230216"}],"wp:attachment":[{"href":"https:\/\/rnoticias.com.mx\/Portal\/wp-json\/wp\/v2\/media?parent=230215"}],"wp:term":[{"taxonomy":"category","embeddable":true,"href":"https:\/\/rnoticias.com.mx\/Portal\/wp-json\/wp\/v2\/categories?post=230215"},{"taxonomy":"post_tag","embeddable":true,"href":"https:\/\/rnoticias.com.mx\/Portal\/wp-json\/wp\/v2\/tags?post=230215"}],"curies":[{"name":"wp","href":"https:\/\/api.w.org\/{rel}","templated":true}]}}