{"id":230212,"date":"2025-09-23T20:53:53","date_gmt":"2025-09-24T03:53:53","guid":{"rendered":"https:\/\/rnoticias.com.mx\/Portal\/?p=230212"},"modified":"2025-09-23T20:53:53","modified_gmt":"2025-09-24T03:53:53","slug":"canadevi-sonora-considera-analizarse-viabilidad-de-vivienda-vertical-ante-falta-de-opciones-accesibles","status":"publish","type":"post","link":"https:\/\/rnoticias.com.mx\/Portal\/2025\/09\/23\/canadevi-sonora-considera-analizarse-viabilidad-de-vivienda-vertical-ante-falta-de-opciones-accesibles\/","title":{"rendered":"Canadevi Sonora considera analizarse viabilidad de vivienda vertical ante falta de opciones accesibles"},"content":{"rendered":"<p>Ante el creciente d\u00e9ficit de vivienda asequible en el estado, La C\u00e1mara Nacional de la Industria de Desarrollo y Promoci\u00f3n de Vivienda en Sonora (Canadevi), considera que los modelos de vivienda vertical promovidos a nivel federal podr\u00edan ser una alternativa viable para trabajadores con ingresos bajos, aunque reconoci\u00f3 que existen retos importantes para su implementaci\u00f3n local.<\/p>\n<p>&nbsp;<\/p>\n<p>El presidente de Canadevi en la entidad, Norberto Larrinaga, se\u00f1al\u00f3, que actualmente, una vivienda unifamiliar de 60 metros cuadrados puede costar hasta 1.2 millones de pesos, mientras que una vertical, bajo el esquema de vivienda social, ronda los 550 mil pesos.<\/p>\n<p>&nbsp;<\/p>\n<p>\u201cAqu\u00ed en Sonora, en Hermosillo, necesitamos considerar aislamiento en esas estructuras, en esos edificios, \u00bfverdad?\u00a0Esa es la pregunta n\u00famero uno. Y luego agregamos que aqu\u00ed lo que sobra es terreno y estamos acostumbrados a vivir en condominios horizontales, en vivienda horizontal unifamiliar\u201d, indic\u00f3.<\/p>\n<p>&nbsp;<\/p>\n<p>Agreg\u00f3, que en Sonora por diversos factores, no se ha logrado validar el modelo de convivencia en r\u00e9gimen de condominio y cuando el precio de las viviendas no son costosas, pero si accesibles para trabajadores que perciben menores salarios.<\/p>\n<p>&nbsp;<\/p>\n<p>Pese a las cr\u00edticas, el presidente de Canadevi Sonora, destac\u00f3 que este tipo de desarrollos son, hoy por hoy, la \u00fanica opci\u00f3n real para personas con ingresos de uno o dos salarios m\u00ednimos.<\/p>\n<p>&nbsp;<\/p>\n","protected":false},"excerpt":{"rendered":"<p>Ante el creciente d\u00e9ficit de vivienda asequible en el estado, La C\u00e1mara Nacional de la Industria de Desarrollo y Promoci\u00f3n de Vivienda en Sonora (Canadevi), considera que los modelos de vivienda vertical promovidos a nivel federal podr\u00edan ser una alternativa viable para trabajadores con ingresos bajos, aunque reconoci\u00f3 que existen retos importantes para su implementaci\u00f3n [&hellip;]<\/p>\n","protected":false},"author":2,"featured_media":230213,"comment_status":"closed","ping_status":"closed","sticky":false,"template":"","format":"standard","meta":{"footnotes":""},"categories":[12870,178],"tags":[12865,12869],"class_list":["post-230212","post","type-post","status-publish","format-standard","has-post-thumbnail","hentry","category-destacadas","category-local","tag-destacadas","tag-local"],"jetpack_featured_media_url":"https:\/\/rnoticias.com.mx\/Portal\/wp-content\/uploads\/2025\/09\/proyecto-nacional-de-vivienda-del-Infonavit-y-Conavi-en-hidalgo.webp","amp_enabled":true,"_links":{"self":[{"href":"https:\/\/rnoticias.com.mx\/Portal\/wp-json\/wp\/v2\/posts\/230212","targetHints":{"allow":["GET"]}}],"collection":[{"href":"https:\/\/rnoticias.com.mx\/Portal\/wp-json\/wp\/v2\/posts"}],"about":[{"href":"https:\/\/rnoticias.com.mx\/Portal\/wp-json\/wp\/v2\/types\/post"}],"author":[{"embeddable":true,"href":"https:\/\/rnoticias.com.mx\/Portal\/wp-json\/wp\/v2\/users\/2"}],"replies":[{"embeddable":true,"href":"https:\/\/rnoticias.com.mx\/Portal\/wp-json\/wp\/v2\/comments?post=230212"}],"version-history":[{"count":1,"href":"https:\/\/rnoticias.com.mx\/Portal\/wp-json\/wp\/v2\/posts\/230212\/revisions"}],"predecessor-version":[{"id":230214,"href":"https:\/\/rnoticias.com.mx\/Portal\/wp-json\/wp\/v2\/posts\/230212\/revisions\/230214"}],"wp:featuredmedia":[{"embeddable":true,"href":"https:\/\/rnoticias.com.mx\/Portal\/wp-json\/wp\/v2\/media\/230213"}],"wp:attachment":[{"href":"https:\/\/rnoticias.com.mx\/Portal\/wp-json\/wp\/v2\/media?parent=230212"}],"wp:term":[{"taxonomy":"category","embeddable":true,"href":"https:\/\/rnoticias.com.mx\/Portal\/wp-json\/wp\/v2\/categories?post=230212"},{"taxonomy":"post_tag","embeddable":true,"href":"https:\/\/rnoticias.com.mx\/Portal\/wp-json\/wp\/v2\/tags?post=230212"}],"curies":[{"name":"wp","href":"https:\/\/api.w.org\/{rel}","templated":true}]}}