{"id":230206,"date":"2025-09-23T20:49:00","date_gmt":"2025-09-24T03:49:00","guid":{"rendered":"https:\/\/rnoticias.com.mx\/Portal\/?p=230206"},"modified":"2025-09-23T20:49:00","modified_gmt":"2025-09-24T03:49:00","slug":"telmex-pone-en-operacion-el-cable-submarino-de-san-jose-del-cabo-a-mazatlan","status":"publish","type":"post","link":"https:\/\/rnoticias.com.mx\/Portal\/2025\/09\/23\/telmex-pone-en-operacion-el-cable-submarino-de-san-jose-del-cabo-a-mazatlan\/","title":{"rendered":"TELMEX pone en operaci\u00f3n el Cable Submarino  de San Jos\u00e9 del Cabo a Mazatl\u00e1n"},"content":{"rendered":"<p class=\"x_MsoNormal\"><b><span data-olk-copy-source=\"MessageBody\">Tel\u00e9fonos de M\u00e9xico, S.A.B. de C.V. (TELMEX)<\/span><\/b>\u00a0puso en operaci\u00f3n el\u00a0<b>Cable Submarino TMX5<\/b>\u00a0que une a Baja California Sur con el resto del pa\u00eds, utilizando infraestructura de \u00faltima generaci\u00f3n, la cual incluye una red de 383 kil\u00f3metros de fibra \u00f3ptica y en la que se invirtieron m\u00e1s de 25 millones de d\u00f3lares.<\/p>\n<p class=\"x_MsoNormal\">El proyecto contribuye al desarrollo econ\u00f3mico y social de la regi\u00f3n, al mejorar la conectividad, as\u00ed como la transmisi\u00f3n de voz, datos y video, consolidando a TELMEX como el aliado tecnol\u00f3gico que impulsa actividades relevantes en la regi\u00f3n como el turismo, comercio, educaci\u00f3n, salud y entretenimiento, beneficiando directamente a los habitantes de la regi\u00f3n.<\/p>\n<p class=\"x_MsoNormal\">La infraestructura est\u00e1 dimensionada para atender la creciente demanda de servicios en las pr\u00f3ximas d\u00e9cadas, as\u00ed como para mantener conectada a la regi\u00f3n cuando se registren eventos naturales de gran impacto, ya que proporciona rutas alternas y redundantes.<\/p>\n<p class=\"x_MsoNormal\"><b>El Director General de Telmex, Lic. H\u00e9ctor Slim Seade<\/b>\u00a0coment\u00f3: El inicio de operaciones de este nuevo cable submarino consolida la infraestructura de telecomunicaciones en nuestro pa\u00eds, al tiempo que se atienden, a trav\u00e9s de la conectividad, las necesidades econ\u00f3micas y de desarrollo que tiene una regi\u00f3n tan importante como lo es la de Baja California Sur.<\/p>\n<p class=\"x_MsoNormal\">El\u00a0<b>Cable Submarino TMX5<\/b>\u00a0fue instalado con estricto apego a las disposiciones ambientales vigentes, con el acompa\u00f1amiento t\u00e9cnico y normativo de la Secretar\u00eda de Medio Ambiente y Recursos Naturales\u00a0<b>(SEMARNAT),<\/b>\u00a0la Secretar\u00eda de Marina\u00a0<b>(SEMAR)<\/b>, el\u00a0<b>Gobierno de Baja California Sur<\/b>\u00a0y autoridades locales, lo que garantiz\u00f3 la protecci\u00f3n del entorno marino.<\/p>\n<p class=\"x_MsoNormal\">Con este esfuerzo, Telmex consolida su liderazgo, construyendo la mayor red nacional de fibra \u00f3ptica con la mejor calidad y el equipo m\u00e1s capacitado de t\u00e9cnicos en telecomunicaciones, que mantiene a M\u00e9xico a la vanguardia tecnol\u00f3gica y promueve el desarrollo digital del pa\u00eds.<\/p>\n<p class=\"x_MsoNormal\" aria-hidden=\"true\">\n","protected":false},"excerpt":{"rendered":"<p>Tel\u00e9fonos de M\u00e9xico, S.A.B. de C.V. (TELMEX)\u00a0puso en operaci\u00f3n el\u00a0Cable Submarino TMX5\u00a0que une a Baja California Sur con el resto del pa\u00eds, utilizando infraestructura de \u00faltima generaci\u00f3n, la cual incluye una red de 383 kil\u00f3metros de fibra \u00f3ptica y en la que se invirtieron m\u00e1s de 25 millones de d\u00f3lares. El proyecto contribuye al desarrollo [&hellip;]<\/p>\n","protected":false},"author":2,"featured_media":230207,"comment_status":"closed","ping_status":"closed","sticky":false,"template":"","format":"standard","meta":{"footnotes":""},"categories":[12870,172],"tags":[12865,12874],"class_list":["post-230206","post","type-post","status-publish","format-standard","has-post-thumbnail","hentry","category-destacadas","category-nacional","tag-destacadas","tag-nacional"],"jetpack_featured_media_url":"https:\/\/rnoticias.com.mx\/Portal\/wp-content\/uploads\/2025\/09\/2025-junio-24-cable-submarino-tmx05_1-11359090_20250923141453.jpg","amp_enabled":true,"_links":{"self":[{"href":"https:\/\/rnoticias.com.mx\/Portal\/wp-json\/wp\/v2\/posts\/230206","targetHints":{"allow":["GET"]}}],"collection":[{"href":"https:\/\/rnoticias.com.mx\/Portal\/wp-json\/wp\/v2\/posts"}],"about":[{"href":"https:\/\/rnoticias.com.mx\/Portal\/wp-json\/wp\/v2\/types\/post"}],"author":[{"embeddable":true,"href":"https:\/\/rnoticias.com.mx\/Portal\/wp-json\/wp\/v2\/users\/2"}],"replies":[{"embeddable":true,"href":"https:\/\/rnoticias.com.mx\/Portal\/wp-json\/wp\/v2\/comments?post=230206"}],"version-history":[{"count":1,"href":"https:\/\/rnoticias.com.mx\/Portal\/wp-json\/wp\/v2\/posts\/230206\/revisions"}],"predecessor-version":[{"id":230208,"href":"https:\/\/rnoticias.com.mx\/Portal\/wp-json\/wp\/v2\/posts\/230206\/revisions\/230208"}],"wp:featuredmedia":[{"embeddable":true,"href":"https:\/\/rnoticias.com.mx\/Portal\/wp-json\/wp\/v2\/media\/230207"}],"wp:attachment":[{"href":"https:\/\/rnoticias.com.mx\/Portal\/wp-json\/wp\/v2\/media?parent=230206"}],"wp:term":[{"taxonomy":"category","embeddable":true,"href":"https:\/\/rnoticias.com.mx\/Portal\/wp-json\/wp\/v2\/categories?post=230206"},{"taxonomy":"post_tag","embeddable":true,"href":"https:\/\/rnoticias.com.mx\/Portal\/wp-json\/wp\/v2\/tags?post=230206"}],"curies":[{"name":"wp","href":"https:\/\/api.w.org\/{rel}","templated":true}]}}