{"id":230203,"date":"2025-09-23T20:45:46","date_gmt":"2025-09-24T03:45:46","guid":{"rendered":"https:\/\/rnoticias.com.mx\/Portal\/?p=230203"},"modified":"2025-09-23T20:45:46","modified_gmt":"2025-09-24T03:45:46","slug":"inauguran-el-xi-congreso-regional-y-i-nacional-de-economia-en-unison","status":"publish","type":"post","link":"https:\/\/rnoticias.com.mx\/Portal\/2025\/09\/23\/inauguran-el-xi-congreso-regional-y-i-nacional-de-economia-en-unison\/","title":{"rendered":"Inauguran el XI Congreso Regional y I Nacional de Econom\u00eda en Unison"},"content":{"rendered":"<p>Con un llamado a la comunidad estudiantil y acad\u00e9mica a participar activamente en los debates sobre los grandes desaf\u00edos econ\u00f3micos de la regi\u00f3n y del pa\u00eds, la rectora Dena Mar\u00eda Camarena G\u00f3mez inaugur\u00f3 la XI edici\u00f3n del Congreso Regional de Econom\u00eda y el I Congreso Nacional de Econom\u00eda.<\/p>\n<p>Durante su mensaje, record\u00f3 su experiencia como estudiante al participar en la IV edici\u00f3n del evento, subrayando el valor de estos encuentros para la formaci\u00f3n profesional y el aprendizaje directo de especialistas en la materia.<\/p>\n<p>La rectora destac\u00f3 que ambos congresos se realizan en el marco del 55 aniversario del Departamento de Econom\u00eda, considerado un pilar en la historia de la Universidad de Sonora.<\/p>\n<p>Se\u00f1al\u00f3 que estas actividades promueven el intercambio de ideas, fortalecen la formaci\u00f3n de profesionistas con visi\u00f3n cr\u00edtica de los temas econ\u00f3micos y permiten anticipar los retos del futuro para contribuir a la construcci\u00f3n de una mejor sociedad.<\/p>\n<p>Hizo \u00e9nfasis en la importancia del evento que tiene el prop\u00f3sito de contribuir al intercambio de ideas y experiencias, adem\u00e1s de abrir el camino al Congreso Nacional como una ruta para que expertos de todas las regiones de M\u00e9xico se encuentren en esta instituci\u00f3n y, desde aqu\u00ed, visualizar los futuros de M\u00e9xico y sus regiones.<\/p>\n<p>Finalmente, Camarena G\u00f3mez invit\u00f3 a los j\u00f3venes a aprovechar el programa no solo como oyentes, sino como participantes activos, aportando al di\u00e1logo acad\u00e9mico que enriquece su desarrollo profesional.<\/p>\n<p>La bienvenida estuvo a cargo de Lizbeth Salgado Beltr\u00e1n, jefa del Departamento de Econom\u00eda, quien reconoci\u00f3 el trabajo del comit\u00e9 organizador y record\u00f3 la evoluci\u00f3n de este encuentro acad\u00e9mico.<\/p>\n<p>Explic\u00f3 que el Congreso se retom\u00f3 en su octava edici\u00f3n despu\u00e9s de la pandemia, con 43 ponencias y la participaci\u00f3n de investigadores a nivel nacional y regional; en la novena edici\u00f3n creci\u00f3 la vinculaci\u00f3n con el sector p\u00fablico y en la d\u00e9cima se ampli\u00f3 el n\u00famero de participantes, lo que permiti\u00f3 dar el salto a esta primera edici\u00f3n nacional.<\/p>\n<p>Este a\u00f1o, inform\u00f3, el evento se celebrar\u00e1 del 23 al 26 de septiembre, bajo el lema \u201cEconom\u00eda en transici\u00f3n: retos globales y soluciones regionales\u201d.<\/p>\n<p>Salgado Beltr\u00e1n destac\u00f3 que durante el programa del XI Congreso Regional y I Nacional se reconocer\u00e1 la trayectoria de los acad\u00e9micos Miguel \u00c1ngel V\u00e1zquez Ruiz y \u00d3scar Alfredo Erquizio Espinal, nombrando algunos espacios f\u00edsicos con sus nombres.<\/p>\n<p>Durante la ceremonia de inauguraci\u00f3n, tambi\u00e9n estuvieron en el pres\u00eddium el encargado de la Facultad de Ciencias Econ\u00f3micas y Administrativas, Jos\u00e9 Enrique Flores Arg\u00fcelles, y el coordinador del comit\u00e9 organizador del evento, Francisco Vargas Serrano.<\/p>\n<p>&nbsp;<\/p>\n<p>El programa general del XI Congreso Regional y I Congreso Nacional de Econom\u00eda puede consultarse en el sitio: <a href=\"https:\/\/congresoeconomia.unison.mx\/docs\/2025\/Convocatoria_Congreso_Economia_2025.pdf\">https:\/\/congresoeconomia.unison.mx\/docs\/2025\/Convocatoria_Congreso_Economia_2025.pdf<\/a><\/p>\n<p>&nbsp;<\/p>\n<p>&nbsp;<\/p>\n","protected":false},"excerpt":{"rendered":"<p>Con un llamado a la comunidad estudiantil y acad\u00e9mica a participar activamente en los debates sobre los grandes desaf\u00edos econ\u00f3micos de la regi\u00f3n y del pa\u00eds, la rectora Dena Mar\u00eda Camarena G\u00f3mez inaugur\u00f3 la XI edici\u00f3n del Congreso Regional de Econom\u00eda y el I Congreso Nacional de Econom\u00eda. Durante su mensaje, record\u00f3 su experiencia como [&hellip;]<\/p>\n","protected":false},"author":2,"featured_media":230204,"comment_status":"closed","ping_status":"closed","sticky":false,"template":"","format":"standard","meta":{"footnotes":""},"categories":[12870,178],"tags":[12865,12869],"class_list":["post-230203","post","type-post","status-publish","format-standard","has-post-thumbnail","hentry","category-destacadas","category-local","tag-destacadas","tag-local"],"jetpack_featured_media_url":"https:\/\/rnoticias.com.mx\/Portal\/wp-content\/uploads\/2025\/09\/CONGRESOS-DE-ECONOMIA-3.jpg","amp_enabled":true,"_links":{"self":[{"href":"https:\/\/rnoticias.com.mx\/Portal\/wp-json\/wp\/v2\/posts\/230203","targetHints":{"allow":["GET"]}}],"collection":[{"href":"https:\/\/rnoticias.com.mx\/Portal\/wp-json\/wp\/v2\/posts"}],"about":[{"href":"https:\/\/rnoticias.com.mx\/Portal\/wp-json\/wp\/v2\/types\/post"}],"author":[{"embeddable":true,"href":"https:\/\/rnoticias.com.mx\/Portal\/wp-json\/wp\/v2\/users\/2"}],"replies":[{"embeddable":true,"href":"https:\/\/rnoticias.com.mx\/Portal\/wp-json\/wp\/v2\/comments?post=230203"}],"version-history":[{"count":1,"href":"https:\/\/rnoticias.com.mx\/Portal\/wp-json\/wp\/v2\/posts\/230203\/revisions"}],"predecessor-version":[{"id":230205,"href":"https:\/\/rnoticias.com.mx\/Portal\/wp-json\/wp\/v2\/posts\/230203\/revisions\/230205"}],"wp:featuredmedia":[{"embeddable":true,"href":"https:\/\/rnoticias.com.mx\/Portal\/wp-json\/wp\/v2\/media\/230204"}],"wp:attachment":[{"href":"https:\/\/rnoticias.com.mx\/Portal\/wp-json\/wp\/v2\/media?parent=230203"}],"wp:term":[{"taxonomy":"category","embeddable":true,"href":"https:\/\/rnoticias.com.mx\/Portal\/wp-json\/wp\/v2\/categories?post=230203"},{"taxonomy":"post_tag","embeddable":true,"href":"https:\/\/rnoticias.com.mx\/Portal\/wp-json\/wp\/v2\/tags?post=230203"}],"curies":[{"name":"wp","href":"https:\/\/api.w.org\/{rel}","templated":true}]}}