{"id":230194,"date":"2025-09-23T20:39:25","date_gmt":"2025-09-24T03:39:25","guid":{"rendered":"https:\/\/rnoticias.com.mx\/Portal\/?p=230194"},"modified":"2025-09-23T20:39:25","modified_gmt":"2025-09-24T03:39:25","slug":"impulsan-confibicis-para-fortalecer-movilidad-sustentable-en-hermosillo","status":"publish","type":"post","link":"https:\/\/rnoticias.com.mx\/Portal\/2025\/09\/23\/impulsan-confibicis-para-fortalecer-movilidad-sustentable-en-hermosillo\/","title":{"rendered":"Impulsan confibicis para fortalecer movilidad sustentable en Hermosillo"},"content":{"rendered":"<p>La instalaci\u00f3n de m\u00e1s confibicis en la ciudad representa un paso clave para fortalecer la movilidad sustentable y garantizar traslados seguros, afirm\u00f3 Alma Angelina Guti\u00e9rrez Mill\u00e1n,<\/p>\n<p>&nbsp;<\/p>\n<p>La alcaldesa de la bicicleta en Hermosillo, destac\u00f3 que este tipo de infraestructura brinda confianza a quienes usan la bicicleta como medio de transporte cotidiano y contribuye a transformar la movilidad urbana con enfoque en dignidad y seguridad.<\/p>\n<p>&nbsp;<\/p>\n<p>\u201cEso habla de la infraestructura ciclista segura y otra vez es clave para transformar la movilidad urbana y garantizar el derecho a movernos con dignidad, seguridad. Cada vez m\u00e1s ciudades est\u00e1n reconociendo la importancia de integrar a la bicicleta como medio de transporte cotidiano\u201d, coment\u00f3.<\/p>\n<p>&nbsp;<\/p>\n<p>Guti\u00e9rrez Mill\u00e1n resalt\u00f3 que la colocaci\u00f3n de m\u00e1s confibicis en Hermosillo, es un procedimiento innovador y necesario para dar respuesta a la creciente demanda de espacios seguros para ciclistas.<\/p>\n<p>&nbsp;<\/p>\n<p>Por \u00faltimo, la alcaldesa de la bicicleta subray\u00f3 que avanzar en esta agenda implica hablar de seguridad, equidad, salud y reducci\u00f3n de contaminaci\u00f3n, los cuales son retos urgentes en Hermosillo.<\/p>\n","protected":false},"excerpt":{"rendered":"<p>La instalaci\u00f3n de m\u00e1s confibicis en la ciudad representa un paso clave para fortalecer la movilidad sustentable y garantizar traslados seguros, afirm\u00f3 Alma Angelina Guti\u00e9rrez Mill\u00e1n, &nbsp; La alcaldesa de la bicicleta en Hermosillo, destac\u00f3 que este tipo de infraestructura brinda confianza a quienes usan la bicicleta como medio de transporte cotidiano y contribuye a [&hellip;]<\/p>\n","protected":false},"author":2,"featured_media":230195,"comment_status":"closed","ping_status":"closed","sticky":false,"template":"","format":"standard","meta":{"footnotes":""},"categories":[12870,178],"tags":[12865,12869],"class_list":["post-230194","post","type-post","status-publish","format-standard","has-post-thumbnail","hentry","category-destacadas","category-local","tag-destacadas","tag-local"],"jetpack_featured_media_url":"https:\/\/rnoticias.com.mx\/Portal\/wp-content\/uploads\/2025\/09\/f960x540-464037_538112_5050.webp","amp_enabled":true,"_links":{"self":[{"href":"https:\/\/rnoticias.com.mx\/Portal\/wp-json\/wp\/v2\/posts\/230194","targetHints":{"allow":["GET"]}}],"collection":[{"href":"https:\/\/rnoticias.com.mx\/Portal\/wp-json\/wp\/v2\/posts"}],"about":[{"href":"https:\/\/rnoticias.com.mx\/Portal\/wp-json\/wp\/v2\/types\/post"}],"author":[{"embeddable":true,"href":"https:\/\/rnoticias.com.mx\/Portal\/wp-json\/wp\/v2\/users\/2"}],"replies":[{"embeddable":true,"href":"https:\/\/rnoticias.com.mx\/Portal\/wp-json\/wp\/v2\/comments?post=230194"}],"version-history":[{"count":1,"href":"https:\/\/rnoticias.com.mx\/Portal\/wp-json\/wp\/v2\/posts\/230194\/revisions"}],"predecessor-version":[{"id":230196,"href":"https:\/\/rnoticias.com.mx\/Portal\/wp-json\/wp\/v2\/posts\/230194\/revisions\/230196"}],"wp:featuredmedia":[{"embeddable":true,"href":"https:\/\/rnoticias.com.mx\/Portal\/wp-json\/wp\/v2\/media\/230195"}],"wp:attachment":[{"href":"https:\/\/rnoticias.com.mx\/Portal\/wp-json\/wp\/v2\/media?parent=230194"}],"wp:term":[{"taxonomy":"category","embeddable":true,"href":"https:\/\/rnoticias.com.mx\/Portal\/wp-json\/wp\/v2\/categories?post=230194"},{"taxonomy":"post_tag","embeddable":true,"href":"https:\/\/rnoticias.com.mx\/Portal\/wp-json\/wp\/v2\/tags?post=230194"}],"curies":[{"name":"wp","href":"https:\/\/api.w.org\/{rel}","templated":true}]}}