{"id":230191,"date":"2025-09-23T20:38:29","date_gmt":"2025-09-24T03:38:29","guid":{"rendered":"https:\/\/rnoticias.com.mx\/Portal\/?p=230191"},"modified":"2025-09-23T20:38:29","modified_gmt":"2025-09-24T03:38:29","slug":"ghost-cancela-su-primer-concierto-en-mexico-por-problemas-de-salud-de-tobias-forge","status":"publish","type":"post","link":"https:\/\/rnoticias.com.mx\/Portal\/2025\/09\/23\/ghost-cancela-su-primer-concierto-en-mexico-por-problemas-de-salud-de-tobias-forge\/","title":{"rendered":"Ghost cancela su primer concierto en M\u00e9xico por problemas de salud de Tobias Forge"},"content":{"rendered":"<p>El esperado inicio de la serie de presentaciones de\u00a0<strong>Ghost\u00a0<\/strong>en la\u00a0<strong>Ciudad de M\u00e9xico<\/strong>\u00a0qued\u00f3 interrumpido de forma inesperada la noche de este\u00a0<strong>martes 23 de septiembre<\/strong>, cuando la promotora\u00a0<strong>Ocesa\u00a0<\/strong>anunci\u00f3 la cancelaci\u00f3n del concierto en el<strong>\u00a0Palacio de los Deportes\u00a0<\/strong>minutos antes de que iniciara.<\/p>\n<p>La empresa inform\u00f3 que el motivo fue una complicaci\u00f3n de salud del l\u00edder de la agrupaci\u00f3n sueca. \u201cEl concierto programado para hoy (23 de septiembre) en el Palacio de los Deportes ha sido cancelado debido a una intoxicaci\u00f3n alimentaria de\u00a0<strong>Tobias Forge<\/strong>, lo que imposibilita la presentaci\u00f3n de la banda esta noche\u201d, se\u00f1ala el comunicado publicado a las<strong>\u00a019:47 horas en redes sociales<\/strong>.<\/p>\n<p><strong>El anuncio cay\u00f3 de sorpresa entre los miles de asistentes que ya se encontraban en las inmediaciones del recinto o dentro del mismo, listos para presenciar el primero de tres shows programados como parte del\u00a0Skeletour\u00a0World Tour.\u00a0<\/strong>La banda ten\u00eda previsto presentarse a las 20:00 horas.<\/p>\n<p>Pese al imprevisto, Ocesa asegur\u00f3 que los otros dos conciertos en la capital del pa\u00eds se mantienen firmes. \u201cLos conciertos del\u00a0<strong>24 y 25 de septiembre<\/strong>, que se encuentran agotados, se realizar\u00e1n seg\u00fan lo previsto\u201d, a\u00f1adi\u00f3 la promotora.<\/p>\n<p><strong>En cuanto a la fecha cancelada, no se contempla\u00a0reprogramaci\u00f3n. La productora detall\u00f3 que las entradas ser\u00e1n reembolsadas en su totalidad<\/strong>: \u201cSi realizaste tu compra en l\u00ednea, el reembolso se ver\u00e1 reflejado autom\u00e1ticamente en la tarjeta con la que adquiriste tus boletos, de acuerdo con los tiempos establecidos por tu instituci\u00f3n bancaria. Si tu compra fue a trav\u00e9s de puntos Ticketmaster, podr\u00e1s solicitar tu reembolso a partir del 26 de septiembre en el mismo lugar donde realizaste la compra\u201d.<\/p>\n<p>El concierto suspendido habr\u00eda marcado el arranque de la serie de actuaciones en M\u00e9xico de la agrupaci\u00f3n sueca, reconocida por su teatralidad y canciones como\u00a0<strong>Dance Macabre y Call Me Little Sunshine<\/strong>.<\/p>\n","protected":false},"excerpt":{"rendered":"<p>El esperado inicio de la serie de presentaciones de\u00a0Ghost\u00a0en la\u00a0Ciudad de M\u00e9xico\u00a0qued\u00f3 interrumpido de forma inesperada la noche de este\u00a0martes 23 de septiembre, cuando la promotora\u00a0Ocesa\u00a0anunci\u00f3 la cancelaci\u00f3n del concierto en el\u00a0Palacio de los Deportes\u00a0minutos antes de que iniciara. La empresa inform\u00f3 que el motivo fue una complicaci\u00f3n de salud del l\u00edder de la agrupaci\u00f3n [&hellip;]<\/p>\n","protected":false},"author":2,"featured_media":230192,"comment_status":"closed","ping_status":"closed","sticky":false,"template":"","format":"standard","meta":{"footnotes":""},"categories":[12870,219],"tags":[12865,12875],"class_list":["post-230191","post","type-post","status-publish","format-standard","has-post-thumbnail","hentry","category-destacadas","category-espectaculos","tag-destacadas","tag-espectaculos"],"jetpack_featured_media_url":"https:\/\/rnoticias.com.mx\/Portal\/wp-content\/uploads\/2025\/09\/IMG_8469.jpg.webp","amp_enabled":true,"_links":{"self":[{"href":"https:\/\/rnoticias.com.mx\/Portal\/wp-json\/wp\/v2\/posts\/230191","targetHints":{"allow":["GET"]}}],"collection":[{"href":"https:\/\/rnoticias.com.mx\/Portal\/wp-json\/wp\/v2\/posts"}],"about":[{"href":"https:\/\/rnoticias.com.mx\/Portal\/wp-json\/wp\/v2\/types\/post"}],"author":[{"embeddable":true,"href":"https:\/\/rnoticias.com.mx\/Portal\/wp-json\/wp\/v2\/users\/2"}],"replies":[{"embeddable":true,"href":"https:\/\/rnoticias.com.mx\/Portal\/wp-json\/wp\/v2\/comments?post=230191"}],"version-history":[{"count":1,"href":"https:\/\/rnoticias.com.mx\/Portal\/wp-json\/wp\/v2\/posts\/230191\/revisions"}],"predecessor-version":[{"id":230193,"href":"https:\/\/rnoticias.com.mx\/Portal\/wp-json\/wp\/v2\/posts\/230191\/revisions\/230193"}],"wp:featuredmedia":[{"embeddable":true,"href":"https:\/\/rnoticias.com.mx\/Portal\/wp-json\/wp\/v2\/media\/230192"}],"wp:attachment":[{"href":"https:\/\/rnoticias.com.mx\/Portal\/wp-json\/wp\/v2\/media?parent=230191"}],"wp:term":[{"taxonomy":"category","embeddable":true,"href":"https:\/\/rnoticias.com.mx\/Portal\/wp-json\/wp\/v2\/categories?post=230191"},{"taxonomy":"post_tag","embeddable":true,"href":"https:\/\/rnoticias.com.mx\/Portal\/wp-json\/wp\/v2\/tags?post=230191"}],"curies":[{"name":"wp","href":"https:\/\/api.w.org\/{rel}","templated":true}]}}