{"id":230182,"date":"2025-09-23T20:20:40","date_gmt":"2025-09-24T03:20:40","guid":{"rendered":"https:\/\/rnoticias.com.mx\/Portal\/?p=230182"},"modified":"2025-09-23T20:20:40","modified_gmt":"2025-09-24T03:20:40","slug":"firma-gobierno-de-sonora-convenio-de-colaboracion-con-universidad-durango-santander-en-hermosillo","status":"publish","type":"post","link":"https:\/\/rnoticias.com.mx\/Portal\/2025\/09\/23\/firma-gobierno-de-sonora-convenio-de-colaboracion-con-universidad-durango-santander-en-hermosillo\/","title":{"rendered":"Firma Gobierno de Sonora convenio de colaboraci\u00f3n con Universidad Durango Santander en Hermosillo"},"content":{"rendered":"<p align=\"left\">Hermosillo, Sonora; 23 de septiembre de 2025.\u2013 Con el prop\u00f3sito de fortalecer la formaci\u00f3n acad\u00e9mica, la innovaci\u00f3n y la promoci\u00f3n cultural en la entidad, el Gobierno de Sonora, a trav\u00e9s de la Secretar\u00eda de Econom\u00eda y Turismo (SETUR), firm\u00f3 el primer convenio de colaboraci\u00f3n con la Universidad Durango Santander, campus Hermosillo.<\/p>\n<p align=\"left\">\n<p align=\"left\">Este acuerdo, gestionado por el gobernador Alfonso Durazo, marca el inicio de una nueva etapa de cooperaci\u00f3n entre el sector gubernamental y el acad\u00e9mico privado, al fomentar proyectos educativos, de investigaci\u00f3n y de difusi\u00f3n cultural que impacten de manera positiva en el desarrollo integral de las y los estudiantes, as\u00ed como de la comunidad sonorense.<\/p>\n<p align=\"left\">\n<p align=\"left\">El secretario de Econom\u00eda y Turismo, Roberto Gradillas Pineda, indic\u00f3 durante la firma que este convenio permitir\u00e1 generar espacios de vinculaci\u00f3n para la pr\u00e1ctica profesional, la capacitaci\u00f3n y la creaci\u00f3n de iniciativas conjuntas que refuercen la formaci\u00f3n acad\u00e9mica de las y los j\u00f3venes.<\/p>\n<p align=\"left\">\n<p align=\"left\">\u201cLas gestiones y la visi\u00f3n del gobernador Alfonso Durazo han permitido que el talento de las juventudes se sume cada vez m\u00e1s al sector gubernamental de nuestro estado y desarrolle capacidades profesionales cada vez m\u00e1s eficientes, algo que nunca antes se hab\u00eda hecho por los anteriores gobiernos\u201d, expres\u00f3.<\/p>\n<p align=\"left\">\n<p align=\"left\">Con estas acciones, el Gobierno de Sonora reitera su compromiso de construir alianzas estrat\u00e9gicas que fortalezcan el ecosistema educativo y cultural del estado, en beneficio de las nuevas generaciones y de una sociedad cada vez m\u00e1s competitiva y participativa.<\/p>\n","protected":false},"excerpt":{"rendered":"<p>Hermosillo, Sonora; 23 de septiembre de 2025.\u2013 Con el prop\u00f3sito de fortalecer la formaci\u00f3n acad\u00e9mica, la innovaci\u00f3n y la promoci\u00f3n cultural en la entidad, el Gobierno de Sonora, a trav\u00e9s de la Secretar\u00eda de Econom\u00eda y Turismo (SETUR), firm\u00f3 el primer convenio de colaboraci\u00f3n con la Universidad Durango Santander, campus Hermosillo. Este acuerdo, gestionado por [&hellip;]<\/p>\n","protected":false},"author":2,"featured_media":230183,"comment_status":"closed","ping_status":"closed","sticky":false,"template":"","format":"standard","meta":{"footnotes":""},"categories":[178],"tags":[12869],"class_list":["post-230182","post","type-post","status-publish","format-standard","has-post-thumbnail","hentry","category-local","tag-local"],"jetpack_featured_media_url":"https:\/\/rnoticias.com.mx\/Portal\/wp-content\/uploads\/2025\/09\/676t.jpg","amp_enabled":true,"_links":{"self":[{"href":"https:\/\/rnoticias.com.mx\/Portal\/wp-json\/wp\/v2\/posts\/230182","targetHints":{"allow":["GET"]}}],"collection":[{"href":"https:\/\/rnoticias.com.mx\/Portal\/wp-json\/wp\/v2\/posts"}],"about":[{"href":"https:\/\/rnoticias.com.mx\/Portal\/wp-json\/wp\/v2\/types\/post"}],"author":[{"embeddable":true,"href":"https:\/\/rnoticias.com.mx\/Portal\/wp-json\/wp\/v2\/users\/2"}],"replies":[{"embeddable":true,"href":"https:\/\/rnoticias.com.mx\/Portal\/wp-json\/wp\/v2\/comments?post=230182"}],"version-history":[{"count":1,"href":"https:\/\/rnoticias.com.mx\/Portal\/wp-json\/wp\/v2\/posts\/230182\/revisions"}],"predecessor-version":[{"id":230184,"href":"https:\/\/rnoticias.com.mx\/Portal\/wp-json\/wp\/v2\/posts\/230182\/revisions\/230184"}],"wp:featuredmedia":[{"embeddable":true,"href":"https:\/\/rnoticias.com.mx\/Portal\/wp-json\/wp\/v2\/media\/230183"}],"wp:attachment":[{"href":"https:\/\/rnoticias.com.mx\/Portal\/wp-json\/wp\/v2\/media?parent=230182"}],"wp:term":[{"taxonomy":"category","embeddable":true,"href":"https:\/\/rnoticias.com.mx\/Portal\/wp-json\/wp\/v2\/categories?post=230182"},{"taxonomy":"post_tag","embeddable":true,"href":"https:\/\/rnoticias.com.mx\/Portal\/wp-json\/wp\/v2\/tags?post=230182"}],"curies":[{"name":"wp","href":"https:\/\/api.w.org\/{rel}","templated":true}]}}