{"id":230173,"date":"2025-09-23T20:15:21","date_gmt":"2025-09-24T03:15:21","guid":{"rendered":"https:\/\/rnoticias.com.mx\/Portal\/?p=230173"},"modified":"2025-09-23T20:15:21","modified_gmt":"2025-09-24T03:15:21","slug":"fundacion-ladridos-hara-actividad-en-apoyo-a-perros-callejeros","status":"publish","type":"post","link":"https:\/\/rnoticias.com.mx\/Portal\/2025\/09\/23\/fundacion-ladridos-hara-actividad-en-apoyo-a-perros-callejeros\/","title":{"rendered":"Fundaci\u00f3n Ladridos har\u00e1 actividad en apoyo a perros callejeros"},"content":{"rendered":"<p>Hermosillo, Sonora. Fundaci\u00f3n Ladridos es una organizaci\u00f3n dedicada al rescate, protecci\u00f3n y visibilizaci\u00f3n de perros en situaci\u00f3n de calle en Hermosillo.<\/p>\n<p>&nbsp;<\/p>\n<p>C\u00e9sar Alejandro Coronado, responsable de la organizaci\u00f3n, cont\u00f3 que a trav\u00e9s de campa\u00f1as, jornadas y difusi\u00f3n en redes sociales, promueven la adopci\u00f3n responsable y la participaci\u00f3n ciudadana en el cuidado animal.<\/p>\n<p>&nbsp;<\/p>\n<p>\u201cEstos pr\u00f3ximos d\u00edas 21 y 28 de septiembre llevaremos a cabo la jornada \u201cAlimentar Perritos Callejeros\u201d, con punto de reuni\u00f3n en el Parque Madero a las 5:00 p.m. Voluntarios recorrer\u00e1n diversas zonas de la ciudad para repartir alimento a canes que viven en la calle\u201d, dijo.<\/p>\n<p>&nbsp;<\/p>\n<p>Abund\u00f3, que el 26 de octubre se realizar\u00e1 la carrera \u201cPor los que no tienen voz\u201d, a las 5:00 p.m., en el \u00e1rea deportiva ubicada junto al gimnasio Ana Gabriela Guevara y el Centro Ecol\u00f3gico, con un recorrido de un kil\u00f3metro, abierto a personas acompa\u00f1adas de sus mascotas.<\/p>\n<p>&nbsp;<\/p>\n<p>&nbsp;<\/p>\n<p>El dato:<\/p>\n<p>&nbsp;<\/p>\n<p>Su labor incluye alimentar, rescatar y buscar hogares responsables para perros abandonados, generar conciencia sobre el maltrato, el abandono y la importancia de la esterilizaci\u00f3n.<\/p>\n<p>&nbsp;<\/p>\n","protected":false},"excerpt":{"rendered":"<p>Hermosillo, Sonora. Fundaci\u00f3n Ladridos es una organizaci\u00f3n dedicada al rescate, protecci\u00f3n y visibilizaci\u00f3n de perros en situaci\u00f3n de calle en Hermosillo. &nbsp; C\u00e9sar Alejandro Coronado, responsable de la organizaci\u00f3n, cont\u00f3 que a trav\u00e9s de campa\u00f1as, jornadas y difusi\u00f3n en redes sociales, promueven la adopci\u00f3n responsable y la participaci\u00f3n ciudadana en el cuidado animal. &nbsp; \u201cEstos [&hellip;]<\/p>\n","protected":false},"author":2,"featured_media":230174,"comment_status":"closed","ping_status":"closed","sticky":false,"template":"","format":"standard","meta":{"footnotes":""},"categories":[12870,178],"tags":[12865,12869],"class_list":["post-230173","post","type-post","status-publish","format-standard","has-post-thumbnail","hentry","category-destacadas","category-local","tag-destacadas","tag-local"],"jetpack_featured_media_url":"https:\/\/rnoticias.com.mx\/Portal\/wp-content\/uploads\/2025\/09\/croqueton-fundacion-ladridos-7.jpeg","amp_enabled":true,"_links":{"self":[{"href":"https:\/\/rnoticias.com.mx\/Portal\/wp-json\/wp\/v2\/posts\/230173","targetHints":{"allow":["GET"]}}],"collection":[{"href":"https:\/\/rnoticias.com.mx\/Portal\/wp-json\/wp\/v2\/posts"}],"about":[{"href":"https:\/\/rnoticias.com.mx\/Portal\/wp-json\/wp\/v2\/types\/post"}],"author":[{"embeddable":true,"href":"https:\/\/rnoticias.com.mx\/Portal\/wp-json\/wp\/v2\/users\/2"}],"replies":[{"embeddable":true,"href":"https:\/\/rnoticias.com.mx\/Portal\/wp-json\/wp\/v2\/comments?post=230173"}],"version-history":[{"count":1,"href":"https:\/\/rnoticias.com.mx\/Portal\/wp-json\/wp\/v2\/posts\/230173\/revisions"}],"predecessor-version":[{"id":230175,"href":"https:\/\/rnoticias.com.mx\/Portal\/wp-json\/wp\/v2\/posts\/230173\/revisions\/230175"}],"wp:featuredmedia":[{"embeddable":true,"href":"https:\/\/rnoticias.com.mx\/Portal\/wp-json\/wp\/v2\/media\/230174"}],"wp:attachment":[{"href":"https:\/\/rnoticias.com.mx\/Portal\/wp-json\/wp\/v2\/media?parent=230173"}],"wp:term":[{"taxonomy":"category","embeddable":true,"href":"https:\/\/rnoticias.com.mx\/Portal\/wp-json\/wp\/v2\/categories?post=230173"},{"taxonomy":"post_tag","embeddable":true,"href":"https:\/\/rnoticias.com.mx\/Portal\/wp-json\/wp\/v2\/tags?post=230173"}],"curies":[{"name":"wp","href":"https:\/\/api.w.org\/{rel}","templated":true}]}}