{"id":230158,"date":"2025-09-23T18:26:31","date_gmt":"2025-09-24T01:26:31","guid":{"rendered":"https:\/\/rnoticias.com.mx\/Portal\/?p=230158"},"modified":"2025-09-23T18:26:31","modified_gmt":"2025-09-24T01:26:31","slug":"uno-de-cada-diez-camiones-urbanos-opera-sin-aire-en-hermosillo-uuh","status":"publish","type":"post","link":"https:\/\/rnoticias.com.mx\/Portal\/2025\/09\/23\/uno-de-cada-diez-camiones-urbanos-opera-sin-aire-en-hermosillo-uuh\/","title":{"rendered":"Uno de cada diez camiones urbanos opera sin aire en Hermosillo: UUH"},"content":{"rendered":"<p>Hermosillo, Sonora. Alrededor del 10% de la flota de camiones urbanos en Hermosillo circula con el aire acondicionado apagado, indic\u00f3, Ignacio Peinado Luna.<\/p>\n<p>&nbsp;<\/p>\n<p>El dirigente de la Uni\u00f3n de Usuarios, se\u00f1al\u00f3 que de las 330 unidades que prestan servicio, unas 40 no cumplen con la disposici\u00f3n, lo que representa un problema para miles de pasajeros que enfrentan las altas temperaturas de la capital sonorense.<\/p>\n<p>&nbsp;<\/p>\n<p>\u201cLas fallas en los sistemas de refrigeraci\u00f3n se deben principalmente a la falta de mantenimiento, al desgaste natural de los equipos y al deterioro de muchas de las calles en la ciudad\u201d, explic\u00f3.<\/p>\n<p>&nbsp;<\/p>\n<p>El l\u00edder social destac\u00f3 la importancia de que los usuarios reporten estas deficiencias, ya que los avisos permiten que se atiendan con mayor rapidez y que se presione a las autoridades para que se garantice un servicio digno.<\/p>\n<p>&nbsp;<\/p>\n","protected":false},"excerpt":{"rendered":"<p>Hermosillo, Sonora. Alrededor del 10% de la flota de camiones urbanos en Hermosillo circula con el aire acondicionado apagado, indic\u00f3, Ignacio Peinado Luna. &nbsp; El dirigente de la Uni\u00f3n de Usuarios, se\u00f1al\u00f3 que de las 330 unidades que prestan servicio, unas 40 no cumplen con la disposici\u00f3n, lo que representa un problema para miles de [&hellip;]<\/p>\n","protected":false},"author":2,"featured_media":230159,"comment_status":"closed","ping_status":"closed","sticky":false,"template":"","format":"standard","meta":{"footnotes":""},"categories":[12870,178],"tags":[12865,12869],"class_list":["post-230158","post","type-post","status-publish","format-standard","has-post-thumbnail","hentry","category-destacadas","category-local","tag-destacadas","tag-local"],"jetpack_featured_media_url":"https:\/\/rnoticias.com.mx\/Portal\/wp-content\/uploads\/2025\/09\/ac_transporte.jpg","amp_enabled":true,"_links":{"self":[{"href":"https:\/\/rnoticias.com.mx\/Portal\/wp-json\/wp\/v2\/posts\/230158","targetHints":{"allow":["GET"]}}],"collection":[{"href":"https:\/\/rnoticias.com.mx\/Portal\/wp-json\/wp\/v2\/posts"}],"about":[{"href":"https:\/\/rnoticias.com.mx\/Portal\/wp-json\/wp\/v2\/types\/post"}],"author":[{"embeddable":true,"href":"https:\/\/rnoticias.com.mx\/Portal\/wp-json\/wp\/v2\/users\/2"}],"replies":[{"embeddable":true,"href":"https:\/\/rnoticias.com.mx\/Portal\/wp-json\/wp\/v2\/comments?post=230158"}],"version-history":[{"count":1,"href":"https:\/\/rnoticias.com.mx\/Portal\/wp-json\/wp\/v2\/posts\/230158\/revisions"}],"predecessor-version":[{"id":230160,"href":"https:\/\/rnoticias.com.mx\/Portal\/wp-json\/wp\/v2\/posts\/230158\/revisions\/230160"}],"wp:featuredmedia":[{"embeddable":true,"href":"https:\/\/rnoticias.com.mx\/Portal\/wp-json\/wp\/v2\/media\/230159"}],"wp:attachment":[{"href":"https:\/\/rnoticias.com.mx\/Portal\/wp-json\/wp\/v2\/media?parent=230158"}],"wp:term":[{"taxonomy":"category","embeddable":true,"href":"https:\/\/rnoticias.com.mx\/Portal\/wp-json\/wp\/v2\/categories?post=230158"},{"taxonomy":"post_tag","embeddable":true,"href":"https:\/\/rnoticias.com.mx\/Portal\/wp-json\/wp\/v2\/tags?post=230158"}],"curies":[{"name":"wp","href":"https:\/\/api.w.org\/{rel}","templated":true}]}}