{"id":230143,"date":"2025-09-23T16:57:41","date_gmt":"2025-09-23T23:57:41","guid":{"rendered":"https:\/\/rnoticias.com.mx\/Portal\/?p=230143"},"modified":"2025-09-23T16:57:41","modified_gmt":"2025-09-23T23:57:41","slug":"conmemoraran-250-anos-de-la-expedicion-de-anza-que-partio-de-sonora-rumbo-a-california","status":"publish","type":"post","link":"https:\/\/rnoticias.com.mx\/Portal\/2025\/09\/23\/conmemoraran-250-anos-de-la-expedicion-de-anza-que-partio-de-sonora-rumbo-a-california\/","title":{"rendered":"Conmemorar\u00e1n 250 a\u00f1os de la expedici\u00f3n de Anza que parti\u00f3 de Sonora rumbo a California"},"content":{"rendered":"<p>El pr\u00f3ximo 29 de septiembre se cumplen 250 a\u00f1os de la expedici\u00f3n encabezada por el coronel Juan Bautista de Anza, conocido como el Caballero de Anza, quien parti\u00f3 de San Miguel de Horcasitas, Sonora, en 1775 para abrir la ruta terrestre hacia California y fundar lo que hoy es la ciudad de San Francisco.<\/p>\n<p>&nbsp;<\/p>\n<p>Guillermo Antonio Molina Paz, presidente de la Oficina de Convenciones y Visitantes (OCV) del R\u00edo Sonora y coordinador de la Coalici\u00f3n de Anza, destac\u00f3 que esa traves\u00eda ha forjado una historia, ya que reuni\u00f3 a m\u00e1s de 200 personas, entre soldados, familias, mujeres embarazadas y ni\u00f1os, que durante nueve meses recorrieron desiertos y enfrentaron la hostilidad de tribus.<\/p>\n<p>&nbsp;<\/p>\n<p>\u201cSalieron de aqu\u00ed el 29 de\u00a0septiembre de 1775 y llegaron all\u00e1 a San Francisco el 27 de junio de 1776 y es una\u00a0expedici\u00f3n que la comparan porque fue tan importante esa expedici\u00f3n que la comparan\u00a0con la An\u00e1basis del general griego Jenofonte que era uno de los generales de Alejandro Magno no por\u00a0todos los peligros y todas las peripecias que pasaron esas personas\u201d, cont\u00f3.<\/p>\n<p>&nbsp;<\/p>\n<p>Explic\u00f3 que la ruta, reconocida en Estados Unidos como Juan Bautista de Anza National Historic Trail, busca consolidarse tambi\u00e9n en M\u00e9xico como itinerario cultural desde Culiac\u00e1n hasta San Francisco, con la meta de ser reconocida por la UNESCO como patrimonio binacional.<\/p>\n<p>&nbsp;<\/p>\n","protected":false},"excerpt":{"rendered":"<p>El pr\u00f3ximo 29 de septiembre se cumplen 250 a\u00f1os de la expedici\u00f3n encabezada por el coronel Juan Bautista de Anza, conocido como el Caballero de Anza, quien parti\u00f3 de San Miguel de Horcasitas, Sonora, en 1775 para abrir la ruta terrestre hacia California y fundar lo que hoy es la ciudad de San Francisco. &nbsp; [&hellip;]<\/p>\n","protected":false},"author":2,"featured_media":230144,"comment_status":"closed","ping_status":"closed","sticky":false,"template":"","format":"standard","meta":{"footnotes":""},"categories":[12870,178],"tags":[12865,12869],"class_list":["post-230143","post","type-post","status-publish","format-standard","has-post-thumbnail","hentry","category-destacadas","category-local","tag-destacadas","tag-local"],"jetpack_featured_media_url":"https:\/\/rnoticias.com.mx\/Portal\/wp-content\/uploads\/2025\/09\/expedicion-de-anza4.png","amp_enabled":true,"_links":{"self":[{"href":"https:\/\/rnoticias.com.mx\/Portal\/wp-json\/wp\/v2\/posts\/230143","targetHints":{"allow":["GET"]}}],"collection":[{"href":"https:\/\/rnoticias.com.mx\/Portal\/wp-json\/wp\/v2\/posts"}],"about":[{"href":"https:\/\/rnoticias.com.mx\/Portal\/wp-json\/wp\/v2\/types\/post"}],"author":[{"embeddable":true,"href":"https:\/\/rnoticias.com.mx\/Portal\/wp-json\/wp\/v2\/users\/2"}],"replies":[{"embeddable":true,"href":"https:\/\/rnoticias.com.mx\/Portal\/wp-json\/wp\/v2\/comments?post=230143"}],"version-history":[{"count":1,"href":"https:\/\/rnoticias.com.mx\/Portal\/wp-json\/wp\/v2\/posts\/230143\/revisions"}],"predecessor-version":[{"id":230145,"href":"https:\/\/rnoticias.com.mx\/Portal\/wp-json\/wp\/v2\/posts\/230143\/revisions\/230145"}],"wp:featuredmedia":[{"embeddable":true,"href":"https:\/\/rnoticias.com.mx\/Portal\/wp-json\/wp\/v2\/media\/230144"}],"wp:attachment":[{"href":"https:\/\/rnoticias.com.mx\/Portal\/wp-json\/wp\/v2\/media?parent=230143"}],"wp:term":[{"taxonomy":"category","embeddable":true,"href":"https:\/\/rnoticias.com.mx\/Portal\/wp-json\/wp\/v2\/categories?post=230143"},{"taxonomy":"post_tag","embeddable":true,"href":"https:\/\/rnoticias.com.mx\/Portal\/wp-json\/wp\/v2\/tags?post=230143"}],"curies":[{"name":"wp","href":"https:\/\/api.w.org\/{rel}","templated":true}]}}