{"id":230121,"date":"2025-09-23T13:55:03","date_gmt":"2025-09-23T20:55:03","guid":{"rendered":"https:\/\/rnoticias.com.mx\/Portal\/?p=230121"},"modified":"2025-09-23T13:55:03","modified_gmt":"2025-09-23T20:55:03","slug":"gustavo-petro-condena-asesinato-de-musicos-colombianos-en-mexico","status":"publish","type":"post","link":"https:\/\/rnoticias.com.mx\/Portal\/2025\/09\/23\/gustavo-petro-condena-asesinato-de-musicos-colombianos-en-mexico\/","title":{"rendered":"Gustavo Petro condena asesinato de m\u00fasicos colombianos en M\u00e9xico"},"content":{"rendered":"<p>El presidente de Colombia,\u00a0<strong>Gustavo Petro<\/strong>, acus\u00f3 este lunes a una\u00a0<strong>&#8220;mafia internacional fortalecida&#8221;\u00a0<\/strong>por la<strong>\u00a0&#8220;guerra contra las drogas&#8221; d<\/strong>e la muerte en M\u00e9xico de los cantantes colombianos Bayron S\u00e1nchez Salazar, conocido art\u00edsticamente como B King, y Jorge Luis Herrera.<\/p>\n<p><strong>&#8220;Asesinaron a nuestra juventud en los Estados Unidos de M\u00e9xico. Una mafia internacional fortalecida por la est\u00fapida pol\u00edtica militar y prohibicionista llamada &#8216;guerra contra las drogas&#8217;, a la que obligan a la humanidad y a Am\u00e9rica Latina. M\u00e1s j\u00f3venes asesinados por una pol\u00edtica antidrogas que no es pol\u00edtica antinarcotraficante&#8221;<\/strong>, expres\u00f3 Petro en X.<\/p>\n<p>Los artistas fueron localizados sin vida este lunes, tras permanecer varios d\u00edas desaparecidos en M\u00e9xico, en medio de una gira que realizaban en el pa\u00eds.<\/p>\n<p>Medios como El Pa\u00eds y El Financiero citaron a fuentes de la Fiscal\u00eda del Estado de M\u00e9xico,\u00a0<strong>que confirmaron el hallazgo de ambos m\u00fasicos en este estado, cercano a la capital mexicana.<\/strong><\/p>\n<p>Junto a los cuerpos de los m\u00fasicos, seg\u00fan medios locales, al parecer hab\u00eda un mensaje amenazante por parte de una banda criminal, aunque todav\u00eda no hay informaci\u00f3n oficial de la Fiscal\u00eda sobre esto.<\/p>\n<p>El jueves, la Comisi\u00f3n de B\u00fasqueda de Personas de la Ciudad de M\u00e9xico emiti\u00f3 dos fichas de b\u00fasqueda tras la desaparici\u00f3n de ambos cantantes, quienes fueron vistos por<strong>\u00a0\u00faltima vez el pasado 16 de septiembre en el lujoso barrio de Polanco, en el centro de la capital del pa\u00eds, tras una presentaci\u00f3n que tuvieron el fin de semana previo.<\/strong><\/p>\n<p>La \u00faltima vez que se tuvo noticia de S\u00e1nchez Salazar fue ese mismo d\u00eda en la colonia de Polanco, en la Ciudad de M\u00e9xico, donde supuestamente se encontraba con Herrera, conocido como Regio Clown.<\/p>\n<p>&nbsp;<\/p>\n<p>Fuente: EFE<\/p>\n","protected":false},"excerpt":{"rendered":"<p>El presidente de Colombia,\u00a0Gustavo Petro, acus\u00f3 este lunes a una\u00a0&#8220;mafia internacional fortalecida&#8221;\u00a0por la\u00a0&#8220;guerra contra las drogas&#8221; de la muerte en M\u00e9xico de los cantantes colombianos Bayron S\u00e1nchez Salazar, conocido art\u00edsticamente como B King, y Jorge Luis Herrera. &#8220;Asesinaron a nuestra juventud en los Estados Unidos de M\u00e9xico. Una mafia internacional fortalecida por la est\u00fapida pol\u00edtica [&hellip;]<\/p>\n","protected":false},"author":2,"featured_media":230122,"comment_status":"closed","ping_status":"closed","sticky":false,"template":"","format":"standard","meta":{"footnotes":""},"categories":[12870,182],"tags":[12865,12871],"class_list":["post-230121","post","type-post","status-publish","format-standard","has-post-thumbnail","hentry","category-destacadas","category-internacional","tag-destacadas","tag-internacional"],"jetpack_featured_media_url":"https:\/\/rnoticias.com.mx\/Portal\/wp-content\/uploads\/2025\/09\/whatsapp-image-2025-09-23-at-103547-am-c0034f66.jpeg","amp_enabled":true,"_links":{"self":[{"href":"https:\/\/rnoticias.com.mx\/Portal\/wp-json\/wp\/v2\/posts\/230121","targetHints":{"allow":["GET"]}}],"collection":[{"href":"https:\/\/rnoticias.com.mx\/Portal\/wp-json\/wp\/v2\/posts"}],"about":[{"href":"https:\/\/rnoticias.com.mx\/Portal\/wp-json\/wp\/v2\/types\/post"}],"author":[{"embeddable":true,"href":"https:\/\/rnoticias.com.mx\/Portal\/wp-json\/wp\/v2\/users\/2"}],"replies":[{"embeddable":true,"href":"https:\/\/rnoticias.com.mx\/Portal\/wp-json\/wp\/v2\/comments?post=230121"}],"version-history":[{"count":1,"href":"https:\/\/rnoticias.com.mx\/Portal\/wp-json\/wp\/v2\/posts\/230121\/revisions"}],"predecessor-version":[{"id":230123,"href":"https:\/\/rnoticias.com.mx\/Portal\/wp-json\/wp\/v2\/posts\/230121\/revisions\/230123"}],"wp:featuredmedia":[{"embeddable":true,"href":"https:\/\/rnoticias.com.mx\/Portal\/wp-json\/wp\/v2\/media\/230122"}],"wp:attachment":[{"href":"https:\/\/rnoticias.com.mx\/Portal\/wp-json\/wp\/v2\/media?parent=230121"}],"wp:term":[{"taxonomy":"category","embeddable":true,"href":"https:\/\/rnoticias.com.mx\/Portal\/wp-json\/wp\/v2\/categories?post=230121"},{"taxonomy":"post_tag","embeddable":true,"href":"https:\/\/rnoticias.com.mx\/Portal\/wp-json\/wp\/v2\/tags?post=230121"}],"curies":[{"name":"wp","href":"https:\/\/api.w.org\/{rel}","templated":true}]}}