{"id":230112,"date":"2025-09-23T13:52:12","date_gmt":"2025-09-23T20:52:12","guid":{"rendered":"https:\/\/rnoticias.com.mx\/Portal\/?p=230112"},"modified":"2025-09-23T13:52:12","modified_gmt":"2025-09-23T20:52:12","slug":"narda-evoluciona-a-huracan-categoria-1-en-el-pacifico-mexicano","status":"publish","type":"post","link":"https:\/\/rnoticias.com.mx\/Portal\/2025\/09\/23\/narda-evoluciona-a-huracan-categoria-1-en-el-pacifico-mexicano\/","title":{"rendered":"Narda evoluciona a hurac\u00e1n categor\u00eda 1 en el Pac\u00edfico mexicano"},"content":{"rendered":"<p><strong>Narda<\/strong>, una tormenta tropical que se form\u00f3 en el oc\u00e9ano Pac\u00edfico, evolucion\u00f3 a<strong>\u00a0hurac\u00e1n categor\u00eda 1<\/strong>\u00a0en la escala Saffir-Simpson, por lo que sus bandas nubosas mantendr\u00e1n lluvias muy fuertes e intensas en las pr\u00f3ximas horas en el oeste de M\u00e9xico, inform\u00f3 este martes el Servicio Meteorol\u00f3gico Nacional (SMN).<\/p>\n<p>En su reporte m\u00e1s reciente, el SMN precis\u00f3 que a las 09:00 hora local (15:00 GMT), Narda se localiz\u00f3 aproximadamente a 475 kil\u00f3metros al\u00a0<strong>suroeste de Manzanillo, Colima,<\/strong>\u00a0y a 480 km al sur-suroeste de\u00a0<strong>Playa P\u00e9rula, Jalisco.<\/strong><\/p>\n<p>Adem\u00e1s, el fen\u00f3meno registra\u00a0<strong>vientos m\u00e1ximos sostenidos de 140 km\/h,\u00a0<\/strong>rachas de 170 km\/h y desplazamiento hacia el oeste a 20 km\/h.<\/p>\n<p>Seg\u00fan el reporte, los desprendimiento nubosos de Narda provocar\u00e1n\u00a0<strong>lluvias muy fuertes<\/strong>\u00a0(de 50 a 75 mil\u00edmetros en Jalisco, Colima y Michoac\u00e1n, as\u00ed como rachas de viento de 40 a 60 km\/h y oleaje de 2,5 a 3,5 metros de altura en las costas de esos estados.<\/p>\n<p>El servicio explic\u00f3 que las lluvias podr\u00edan acompa\u00f1arse de\u00a0<strong>descargas el\u00e9ctricas y granizo<\/strong>, as\u00ed como generar encharcamientos, deslaves e inundaciones en zonas bajas de los estados mencionados.<\/p>\n","protected":false},"excerpt":{"rendered":"<p>Narda, una tormenta tropical que se form\u00f3 en el oc\u00e9ano Pac\u00edfico, evolucion\u00f3 a\u00a0hurac\u00e1n categor\u00eda 1\u00a0en la escala Saffir-Simpson, por lo que sus bandas nubosas mantendr\u00e1n lluvias muy fuertes e intensas en las pr\u00f3ximas horas en el oeste de M\u00e9xico, inform\u00f3 este martes el Servicio Meteorol\u00f3gico Nacional (SMN). En su reporte m\u00e1s reciente, el SMN precis\u00f3 [&hellip;]<\/p>\n","protected":false},"author":2,"featured_media":230113,"comment_status":"closed","ping_status":"closed","sticky":false,"template":"","format":"standard","meta":{"footnotes":""},"categories":[172],"tags":[12874],"class_list":["post-230112","post","type-post","status-publish","format-standard","has-post-thumbnail","hentry","category-nacional","tag-nacional"],"jetpack_featured_media_url":"https:\/\/rnoticias.com.mx\/Portal\/wp-content\/uploads\/2025\/09\/descarga-5.webp","amp_enabled":true,"_links":{"self":[{"href":"https:\/\/rnoticias.com.mx\/Portal\/wp-json\/wp\/v2\/posts\/230112","targetHints":{"allow":["GET"]}}],"collection":[{"href":"https:\/\/rnoticias.com.mx\/Portal\/wp-json\/wp\/v2\/posts"}],"about":[{"href":"https:\/\/rnoticias.com.mx\/Portal\/wp-json\/wp\/v2\/types\/post"}],"author":[{"embeddable":true,"href":"https:\/\/rnoticias.com.mx\/Portal\/wp-json\/wp\/v2\/users\/2"}],"replies":[{"embeddable":true,"href":"https:\/\/rnoticias.com.mx\/Portal\/wp-json\/wp\/v2\/comments?post=230112"}],"version-history":[{"count":1,"href":"https:\/\/rnoticias.com.mx\/Portal\/wp-json\/wp\/v2\/posts\/230112\/revisions"}],"predecessor-version":[{"id":230114,"href":"https:\/\/rnoticias.com.mx\/Portal\/wp-json\/wp\/v2\/posts\/230112\/revisions\/230114"}],"wp:featuredmedia":[{"embeddable":true,"href":"https:\/\/rnoticias.com.mx\/Portal\/wp-json\/wp\/v2\/media\/230113"}],"wp:attachment":[{"href":"https:\/\/rnoticias.com.mx\/Portal\/wp-json\/wp\/v2\/media?parent=230112"}],"wp:term":[{"taxonomy":"category","embeddable":true,"href":"https:\/\/rnoticias.com.mx\/Portal\/wp-json\/wp\/v2\/categories?post=230112"},{"taxonomy":"post_tag","embeddable":true,"href":"https:\/\/rnoticias.com.mx\/Portal\/wp-json\/wp\/v2\/tags?post=230112"}],"curies":[{"name":"wp","href":"https:\/\/api.w.org\/{rel}","templated":true}]}}