{"id":230109,"date":"2025-09-23T13:51:04","date_gmt":"2025-09-23T20:51:04","guid":{"rendered":"https:\/\/rnoticias.com.mx\/Portal\/?p=230109"},"modified":"2025-09-23T13:51:04","modified_gmt":"2025-09-23T20:51:04","slug":"baywatch-regresa-a-la-television-con-nueva-version-de-los-salvavidas","status":"publish","type":"post","link":"https:\/\/rnoticias.com.mx\/Portal\/2025\/09\/23\/baywatch-regresa-a-la-television-con-nueva-version-de-los-salvavidas\/","title":{"rendered":"&#8220;Baywatch&#8221; regresa a la televisi\u00f3n con nueva versi\u00f3n de los salvavidas"},"content":{"rendered":"<p>Fox anunci\u00f3 este martes que encarg\u00f3\u00a0<strong>12 episodios<\/strong>\u00a0de una<strong>\u00a0nueva versi\u00f3n de &#8216;Baywatch&#8217;<\/strong>, la ic\u00f3nica serie sobre salvavidas en el mar, cuyo estreno est\u00e1 previsto para la temporada televisiva 2026-2027.<\/p>\n<p>De acuerdo con el medio especializado Variety, Fox Entertainment y Fremantle coproducen la nueva versi\u00f3n a cargo del productor, guionista y director Matt Nix (&#8216;Burn Notice&#8217;).<\/p>\n<p>Greg Bonann, Doug Schwartz y Michael Berk, creadores originales de la serie de 1989, se sumar\u00e1n al proyecto como productores ejecutivos junto a Nix y Dante Di Loreto.<\/p>\n<p>La\u00a0<strong>primera temporada de Baywatch, estrenada en 1989,<\/strong>\u00a0se centraba en la vida profesional y personal de un equipo de\u00a0<strong>salvavidas<\/strong>\u00a0en las playas de Los \u00c1ngeles, principalmente en Santa M\u00f3nica y Venice Beach.<\/p>\n<p>La serie protagonizada por\u00a0<strong>David Hasselhoff, Pamela Anderson, Michael Newman,<\/strong>\u00a0Alexandra Paul, Yasmine Bleeth, Erika Eleniak, y Billy Warlock, se convirti\u00f3 en una de las m\u00e1s vistas a nivel mundial.<\/p>\n<p>Posteriormente, &#8216;Baywatch&#8217; dio lugar a varias series derivadas, como &#8216;Baywatch Nights&#8217; y &#8216;Baywatch Hawaii&#8217;, donde particip\u00f3 Jason Momoa, as\u00ed como a una adaptaci\u00f3n cinematogr\u00e1fica estrenada en 2017, protagonizada por Dwayne Johnson y Zac Efron.<\/p>\n<p><strong>Hasta el momento no han sido anunciados los protagonistas de esta \u00faltima versi\u00f3n.<\/strong><\/p>\n<p>&nbsp;<\/p>\n<p>Fuente: EFE<\/p>\n","protected":false},"excerpt":{"rendered":"<p>Fox anunci\u00f3 este martes que encarg\u00f3\u00a012 episodios\u00a0de una\u00a0nueva versi\u00f3n de &#8216;Baywatch&#8217;, la ic\u00f3nica serie sobre salvavidas en el mar, cuyo estreno est\u00e1 previsto para la temporada televisiva 2026-2027. De acuerdo con el medio especializado Variety, Fox Entertainment y Fremantle coproducen la nueva versi\u00f3n a cargo del productor, guionista y director Matt Nix (&#8216;Burn Notice&#8217;). Greg [&hellip;]<\/p>\n","protected":false},"author":2,"featured_media":230110,"comment_status":"closed","ping_status":"closed","sticky":false,"template":"","format":"standard","meta":{"footnotes":""},"categories":[219],"tags":[12875],"class_list":["post-230109","post","type-post","status-publish","format-standard","has-post-thumbnail","hentry","category-espectaculos","tag-espectaculos"],"jetpack_featured_media_url":"https:\/\/rnoticias.com.mx\/Portal\/wp-content\/uploads\/2025\/09\/Baywatch.webp","amp_enabled":true,"_links":{"self":[{"href":"https:\/\/rnoticias.com.mx\/Portal\/wp-json\/wp\/v2\/posts\/230109","targetHints":{"allow":["GET"]}}],"collection":[{"href":"https:\/\/rnoticias.com.mx\/Portal\/wp-json\/wp\/v2\/posts"}],"about":[{"href":"https:\/\/rnoticias.com.mx\/Portal\/wp-json\/wp\/v2\/types\/post"}],"author":[{"embeddable":true,"href":"https:\/\/rnoticias.com.mx\/Portal\/wp-json\/wp\/v2\/users\/2"}],"replies":[{"embeddable":true,"href":"https:\/\/rnoticias.com.mx\/Portal\/wp-json\/wp\/v2\/comments?post=230109"}],"version-history":[{"count":1,"href":"https:\/\/rnoticias.com.mx\/Portal\/wp-json\/wp\/v2\/posts\/230109\/revisions"}],"predecessor-version":[{"id":230111,"href":"https:\/\/rnoticias.com.mx\/Portal\/wp-json\/wp\/v2\/posts\/230109\/revisions\/230111"}],"wp:featuredmedia":[{"embeddable":true,"href":"https:\/\/rnoticias.com.mx\/Portal\/wp-json\/wp\/v2\/media\/230110"}],"wp:attachment":[{"href":"https:\/\/rnoticias.com.mx\/Portal\/wp-json\/wp\/v2\/media?parent=230109"}],"wp:term":[{"taxonomy":"category","embeddable":true,"href":"https:\/\/rnoticias.com.mx\/Portal\/wp-json\/wp\/v2\/categories?post=230109"},{"taxonomy":"post_tag","embeddable":true,"href":"https:\/\/rnoticias.com.mx\/Portal\/wp-json\/wp\/v2\/tags?post=230109"}],"curies":[{"name":"wp","href":"https:\/\/api.w.org\/{rel}","templated":true}]}}