{"id":230091,"date":"2025-09-23T13:44:26","date_gmt":"2025-09-23T20:44:26","guid":{"rendered":"https:\/\/rnoticias.com.mx\/Portal\/?p=230091"},"modified":"2025-09-23T13:44:26","modified_gmt":"2025-09-23T20:44:26","slug":"lider-de-la-luz-del-mundo-se-declara-inocente-de-trafico-y-explotacion-sexual","status":"publish","type":"post","link":"https:\/\/rnoticias.com.mx\/Portal\/2025\/09\/23\/lider-de-la-luz-del-mundo-se-declara-inocente-de-trafico-y-explotacion-sexual\/","title":{"rendered":"L\u00edder de La Luz del Mundo se declara inocente de tr\u00e1fico y explotaci\u00f3n sexual"},"content":{"rendered":"<p><strong>Naas\u00f3n &#8216;N&#8217;<\/strong>, l\u00edder de la \u2018Luz del Mundo\u2019, una organizaci\u00f3n religiosa, se declar\u00f3 no culpable este martes en la\u00a0<strong>Corte de Distrito Sur de Nueva York<\/strong>\u00a0por los delitos de tr\u00e1fico y explotaci\u00f3n sexual de menores.<\/p>\n<p>El acusado acudi\u00f3 a la audiencia inicial de su caso en Nueva York, ante la jueza Loretta A. Preska, junto con sus abogados Caleb Mason y Alan Jackson. La pr\u00f3xima comparecencia est\u00e1 programada para el pr\u00f3ximo 15 de diciembre de 2025.<\/p>\n<p>La iglesia de\u00a0<strong>la Luz del Mundo<\/strong>\u00a0comparti\u00f3 un comunicado en redes sociales, en el que rechaz\u00f3 los delitos que se le acusan al que llaman &#8220;el ap\u00f3stol de Jesucristo&#8221;. Tambi\u00e9n insisti\u00f3 en que es \u201cinjusto\u201d el encarcelamiento de la mam\u00e1 de Naas\u00f3n &#8216;N&#8217;, Eva Garc\u00eda.<\/p>\n<p>\u201cConsideramos que la presentaci\u00f3n de cargos demuestra claramente que la fiscal\u00eda es capaz de torcer la ley, perjudicando a los familiares del\u00a0<strong>ap\u00f3stol de Jesucristo<\/strong>\u00a0para coaccionarlo\u201d, se lee en el mensaje.<\/p>\n<p>&nbsp;<\/p>\n<p>Fuente: latinus<\/p>\n","protected":false},"excerpt":{"rendered":"<p>Naas\u00f3n &#8216;N&#8217;, l\u00edder de la \u2018Luz del Mundo\u2019, una organizaci\u00f3n religiosa, se declar\u00f3 no culpable este martes en la\u00a0Corte de Distrito Sur de Nueva York\u00a0por los delitos de tr\u00e1fico y explotaci\u00f3n sexual de menores. El acusado acudi\u00f3 a la audiencia inicial de su caso en Nueva York, ante la jueza Loretta A. Preska, junto con [&hellip;]<\/p>\n","protected":false},"author":2,"featured_media":230092,"comment_status":"closed","ping_status":"closed","sticky":false,"template":"","format":"standard","meta":{"footnotes":""},"categories":[12870,182],"tags":[12865,12871],"class_list":["post-230091","post","type-post","status-publish","format-standard","has-post-thumbnail","hentry","category-destacadas","category-internacional","tag-destacadas","tag-internacional"],"jetpack_featured_media_url":"https:\/\/rnoticias.com.mx\/Portal\/wp-content\/uploads\/2025\/09\/luz-del-mundo.jpg","amp_enabled":true,"_links":{"self":[{"href":"https:\/\/rnoticias.com.mx\/Portal\/wp-json\/wp\/v2\/posts\/230091","targetHints":{"allow":["GET"]}}],"collection":[{"href":"https:\/\/rnoticias.com.mx\/Portal\/wp-json\/wp\/v2\/posts"}],"about":[{"href":"https:\/\/rnoticias.com.mx\/Portal\/wp-json\/wp\/v2\/types\/post"}],"author":[{"embeddable":true,"href":"https:\/\/rnoticias.com.mx\/Portal\/wp-json\/wp\/v2\/users\/2"}],"replies":[{"embeddable":true,"href":"https:\/\/rnoticias.com.mx\/Portal\/wp-json\/wp\/v2\/comments?post=230091"}],"version-history":[{"count":1,"href":"https:\/\/rnoticias.com.mx\/Portal\/wp-json\/wp\/v2\/posts\/230091\/revisions"}],"predecessor-version":[{"id":230093,"href":"https:\/\/rnoticias.com.mx\/Portal\/wp-json\/wp\/v2\/posts\/230091\/revisions\/230093"}],"wp:featuredmedia":[{"embeddable":true,"href":"https:\/\/rnoticias.com.mx\/Portal\/wp-json\/wp\/v2\/media\/230092"}],"wp:attachment":[{"href":"https:\/\/rnoticias.com.mx\/Portal\/wp-json\/wp\/v2\/media?parent=230091"}],"wp:term":[{"taxonomy":"category","embeddable":true,"href":"https:\/\/rnoticias.com.mx\/Portal\/wp-json\/wp\/v2\/categories?post=230091"},{"taxonomy":"post_tag","embeddable":true,"href":"https:\/\/rnoticias.com.mx\/Portal\/wp-json\/wp\/v2\/tags?post=230091"}],"curies":[{"name":"wp","href":"https:\/\/api.w.org\/{rel}","templated":true}]}}