{"id":230081,"date":"2025-09-23T09:05:30","date_gmt":"2025-09-23T16:05:30","guid":{"rendered":"https:\/\/rnoticias.com.mx\/Portal\/?p=230081"},"modified":"2025-09-23T09:05:30","modified_gmt":"2025-09-23T16:05:30","slug":"muere-mauricio-fernandez-alcalde-de-san-pedro-garza-garcia","status":"publish","type":"post","link":"https:\/\/rnoticias.com.mx\/Portal\/2025\/09\/23\/muere-mauricio-fernandez-alcalde-de-san-pedro-garza-garcia\/","title":{"rendered":"Muere Mauricio Fern\u00e1ndez, Alcalde de San Pedro Garza Garc\u00eda"},"content":{"rendered":"<p data-end=\"498\" data-start=\"227\">El alcalde con licencia de\u00a0<strong>San Pedro Garza Garc\u00eda<\/strong>,\u00a0<strong data-end=\"293\" data-start=\"265\">Mauricio Fern\u00e1ndez Garza<\/strong>, muri\u00f3 este lunes 23 de septiembre a los\u00a0<strong data-end=\"337\" data-start=\"318\">75 a\u00f1os de edad<\/strong>, tras enfrentar complicaciones derivadas del\u00a0<strong data-end=\"406\" data-start=\"383\">mesotelioma pleural<\/strong>, un tipo de c\u00e1ncer poco com\u00fan y agresivo que afecta la membrana que recubre los pulmones.<\/p>\n<p data-end=\"932\" data-start=\"500\">De acuerdo con informaci\u00f3n confirmada, el deceso ocurri\u00f3 durante la noche del\u00a0<strong data-end=\"606\" data-start=\"578\">22 de septiembre de 2025<\/strong>, apenas unos d\u00edas despu\u00e9s de que el propio edil anunciara que renunciar\u00eda al cargo por motivos de salud. El pasado\u00a0<strong data-end=\"742\" data-start=\"722\">15 de septiembre<\/strong>, Fern\u00e1ndez Garza inform\u00f3 que dejar\u00eda la alcald\u00eda el pr\u00f3ximo\u00a0<strong data-end=\"823\" data-start=\"803\">30 de septiembre<\/strong>, al reconocer que ya no pod\u00eda continuar con sus responsabilidades debido al deterioro de su estado f\u00edsico.<\/p>\n<p data-end=\"1298\" data-start=\"934\">En el a\u00f1o\u00a0<strong data-end=\"952\" data-start=\"944\">2021<\/strong>, el pol\u00edtico panista revel\u00f3 por primera vez que hab\u00eda sido diagnosticado con c\u00e1ncer, enfermedad contra la que luch\u00f3 hasta sus \u00faltimos d\u00edas. El\u00a0<strong data-end=\"1119\" data-start=\"1096\">mesotelioma pleural<\/strong>\u00a0est\u00e1 vinculado en la mayor\u00eda de los casos a la exposici\u00f3n al asbesto y suele detectarse en etapas avanzadas, lo que lo convierte en uno de los c\u00e1nceres m\u00e1s dif\u00edciles de tratar.<\/p>\n<p data-end=\"1298\" data-start=\"934\">\n<h2 data-end=\"261\" data-start=\"211\"><strong data-end=\"259\" data-start=\"211\">Un legado pol\u00edtico en San Pedro y Nuevo Le\u00f3n<\/strong><\/h2>\n<div><\/div>\n<p data-end=\"1638\" data-start=\"1356\"><strong>Mauricio Fern\u00e1ndez Garza<\/strong>\u00a0fue una de las figuras m\u00e1s influyentes de la pol\u00edtica en\u00a0<strong data-end=\"1452\" data-start=\"1438\">Nuevo Le\u00f3n<\/strong>. Perteneciente al\u00a0<strong data-end=\"1504\" data-start=\"1471\">Partido Acci\u00f3n Nacional (PAN)<\/strong>, encabez\u00f3 en varias ocasiones la administraci\u00f3n de San Pedro Garza Garc\u00eda, municipio considerado uno de los m\u00e1s\u00a0<strong>pr\u00f3speros del pa\u00eds.<\/strong><\/p>\n<p data-end=\"1937\" data-start=\"1640\">A lo largo de su trayectoria pol\u00edtica, Mauricio Fern\u00e1ndez Garza encabez\u00f3 en\u00a0<strong data-end=\"252\" data-start=\"194\">cuatro ocasiones la alcald\u00eda de San Pedro Garza Garc\u00eda<\/strong>: primero de\u00a0<strong data-end=\"280\" data-start=\"265\">1989 a 1991<\/strong>, luego de\u00a0<strong data-end=\"306\" data-start=\"291\">2009 a 2012<\/strong>, posteriormente de\u00a0<strong data-end=\"341\" data-start=\"326\">2015 a 2018<\/strong>\u00a0y finalmente en el periodo\u00a0<strong data-end=\"382\" data-start=\"369\">2024-2027<\/strong>, mismo que ya no pudo concluir debido a su estado de salud. Adem\u00e1s, fue\u00a0<strong data-end=\"500\" data-start=\"455\">senador de la Rep\u00fablica entre 1994 y 2000<\/strong>, y en 2003 compiti\u00f3 por la gubernatura de Nuevo Le\u00f3n.<\/p>\n<p data-end=\"2125\" data-start=\"1939\">En San Pedro deja una huella profunda, pues fue visto como un l\u00edder cercano a la comunidad empresarial y un actor central en la vida pol\u00edtica de Nuevo Le\u00f3n durante las \u00faltimas d\u00e9cadas.<\/p>\n<p data-end=\"2239\" data-start=\"2127\">Su fallecimiento marca el<strong>\u00a0final de una carrera pol\u00edtica extensa<\/strong>\u00a0y deja un vac\u00edo en la vida p\u00fablica del estado.<\/p>\n","protected":false},"excerpt":{"rendered":"<p>El alcalde con licencia de\u00a0San Pedro Garza Garc\u00eda,\u00a0Mauricio Fern\u00e1ndez Garza, muri\u00f3 este lunes 23 de septiembre a los\u00a075 a\u00f1os de edad, tras enfrentar complicaciones derivadas del\u00a0mesotelioma pleural, un tipo de c\u00e1ncer poco com\u00fan y agresivo que afecta la membrana que recubre los pulmones. De acuerdo con informaci\u00f3n confirmada, el deceso ocurri\u00f3 durante la noche del\u00a022 [&hellip;]<\/p>\n","protected":false},"author":2,"featured_media":230082,"comment_status":"closed","ping_status":"closed","sticky":false,"template":"","format":"standard","meta":{"footnotes":""},"categories":[12870,172],"tags":[12865,12874],"class_list":["post-230081","post","type-post","status-publish","format-standard","has-post-thumbnail","hentry","category-destacadas","category-nacional","tag-destacadas","tag-nacional"],"jetpack_featured_media_url":"https:\/\/rnoticias.com.mx\/Portal\/wp-content\/uploads\/2025\/09\/fallece-mauricio-fernandez-fallece-1.jpg","amp_enabled":true,"_links":{"self":[{"href":"https:\/\/rnoticias.com.mx\/Portal\/wp-json\/wp\/v2\/posts\/230081","targetHints":{"allow":["GET"]}}],"collection":[{"href":"https:\/\/rnoticias.com.mx\/Portal\/wp-json\/wp\/v2\/posts"}],"about":[{"href":"https:\/\/rnoticias.com.mx\/Portal\/wp-json\/wp\/v2\/types\/post"}],"author":[{"embeddable":true,"href":"https:\/\/rnoticias.com.mx\/Portal\/wp-json\/wp\/v2\/users\/2"}],"replies":[{"embeddable":true,"href":"https:\/\/rnoticias.com.mx\/Portal\/wp-json\/wp\/v2\/comments?post=230081"}],"version-history":[{"count":1,"href":"https:\/\/rnoticias.com.mx\/Portal\/wp-json\/wp\/v2\/posts\/230081\/revisions"}],"predecessor-version":[{"id":230083,"href":"https:\/\/rnoticias.com.mx\/Portal\/wp-json\/wp\/v2\/posts\/230081\/revisions\/230083"}],"wp:featuredmedia":[{"embeddable":true,"href":"https:\/\/rnoticias.com.mx\/Portal\/wp-json\/wp\/v2\/media\/230082"}],"wp:attachment":[{"href":"https:\/\/rnoticias.com.mx\/Portal\/wp-json\/wp\/v2\/media?parent=230081"}],"wp:term":[{"taxonomy":"category","embeddable":true,"href":"https:\/\/rnoticias.com.mx\/Portal\/wp-json\/wp\/v2\/categories?post=230081"},{"taxonomy":"post_tag","embeddable":true,"href":"https:\/\/rnoticias.com.mx\/Portal\/wp-json\/wp\/v2\/tags?post=230081"}],"curies":[{"name":"wp","href":"https:\/\/api.w.org\/{rel}","templated":true}]}}