{"id":230027,"date":"2025-09-22T17:45:49","date_gmt":"2025-09-23T00:45:49","guid":{"rendered":"https:\/\/rnoticias.com.mx\/Portal\/?p=230027"},"modified":"2025-09-22T17:45:49","modified_gmt":"2025-09-23T00:45:49","slug":"vuelve-la-carrera-por-los-bomberos-este-29-de-septiembre","status":"publish","type":"post","link":"https:\/\/rnoticias.com.mx\/Portal\/2025\/09\/22\/vuelve-la-carrera-por-los-bomberos-este-29-de-septiembre\/","title":{"rendered":"Vuelve la Carrera por los Bomberos este 29 de septiembre"},"content":{"rendered":"<p>Hermosillo, Sonora. Despu\u00e9s de m\u00e1s de 10 a\u00f1os, la ciudad de Hermosillo va a revivir la Carrera por los Bomberos este domingo 29 de septiembre.<\/p>\n<p>&nbsp;<\/p>\n<p>El evento arrancar\u00e1 en la Estaci\u00f3n Poniente en punto de las 06:30 de la ma\u00f1ana, con recorridos de 3, 5 y 15 km, en una ruta que comprender\u00e1 del Colosio, el Francisco Serna y H\u00e9ctor Espino.<\/p>\n<p>&nbsp;<\/p>\n<p>Tambi\u00e9n, habr\u00e1 una categor\u00eda &#8220;Bomberitos&#8221;, exclusiva para bomberos que correr\u00e1n con su equipo. Lo recaudado ser\u00e1 para el Patronato de Bomberos y servir\u00e1 en la compra de trajes especiales, cuyo costo supera los 5 mil d\u00f3lares.<\/p>\n<p>&nbsp;<\/p>\n<p>La entrega de kits ser\u00e1 el s\u00e1bado en Plaza Zaragoza. Inscripciones disponibles en l\u00ednea o en la Estaci\u00f3n Poniente hasta el 27 de septiembre.<\/p>\n<p>&nbsp;<\/p>\n<p>El costo de la inscripci\u00f3n ser\u00e1 de 350 pesos para los 3K y 400 para la de 5 y 15K.<\/p>\n<p>&nbsp;<\/p>\n<p>&nbsp;<\/p>\n<p>&nbsp;<\/p>\n<p>Cifra:<\/p>\n<p>Se premiar\u00e1 con hasta 10 mil pesos a los ganadores. Habr\u00e1 tambi\u00e9n carreras infantiles y rifas.<\/p>\n","protected":false},"excerpt":{"rendered":"<p>Hermosillo, Sonora. Despu\u00e9s de m\u00e1s de 10 a\u00f1os, la ciudad de Hermosillo va a revivir la Carrera por los Bomberos este domingo 29 de septiembre. &nbsp; El evento arrancar\u00e1 en la Estaci\u00f3n Poniente en punto de las 06:30 de la ma\u00f1ana, con recorridos de 3, 5 y 15 km, en una ruta que comprender\u00e1 del [&hellip;]<\/p>\n","protected":false},"author":2,"featured_media":230028,"comment_status":"closed","ping_status":"closed","sticky":false,"template":"","format":"standard","meta":{"footnotes":""},"categories":[12870,178],"tags":[12865,12869],"class_list":["post-230027","post","type-post","status-publish","format-standard","has-post-thumbnail","hentry","category-destacadas","category-local","tag-destacadas","tag-local"],"jetpack_featured_media_url":"https:\/\/rnoticias.com.mx\/Portal\/wp-content\/uploads\/2025\/09\/27.webp","amp_enabled":true,"_links":{"self":[{"href":"https:\/\/rnoticias.com.mx\/Portal\/wp-json\/wp\/v2\/posts\/230027","targetHints":{"allow":["GET"]}}],"collection":[{"href":"https:\/\/rnoticias.com.mx\/Portal\/wp-json\/wp\/v2\/posts"}],"about":[{"href":"https:\/\/rnoticias.com.mx\/Portal\/wp-json\/wp\/v2\/types\/post"}],"author":[{"embeddable":true,"href":"https:\/\/rnoticias.com.mx\/Portal\/wp-json\/wp\/v2\/users\/2"}],"replies":[{"embeddable":true,"href":"https:\/\/rnoticias.com.mx\/Portal\/wp-json\/wp\/v2\/comments?post=230027"}],"version-history":[{"count":1,"href":"https:\/\/rnoticias.com.mx\/Portal\/wp-json\/wp\/v2\/posts\/230027\/revisions"}],"predecessor-version":[{"id":230029,"href":"https:\/\/rnoticias.com.mx\/Portal\/wp-json\/wp\/v2\/posts\/230027\/revisions\/230029"}],"wp:featuredmedia":[{"embeddable":true,"href":"https:\/\/rnoticias.com.mx\/Portal\/wp-json\/wp\/v2\/media\/230028"}],"wp:attachment":[{"href":"https:\/\/rnoticias.com.mx\/Portal\/wp-json\/wp\/v2\/media?parent=230027"}],"wp:term":[{"taxonomy":"category","embeddable":true,"href":"https:\/\/rnoticias.com.mx\/Portal\/wp-json\/wp\/v2\/categories?post=230027"},{"taxonomy":"post_tag","embeddable":true,"href":"https:\/\/rnoticias.com.mx\/Portal\/wp-json\/wp\/v2\/tags?post=230027"}],"curies":[{"name":"wp","href":"https:\/\/api.w.org\/{rel}","templated":true}]}}