{"id":230021,"date":"2025-09-22T17:15:06","date_gmt":"2025-09-23T00:15:06","guid":{"rendered":"https:\/\/rnoticias.com.mx\/Portal\/?p=230021"},"modified":"2025-09-22T17:15:06","modified_gmt":"2025-09-23T00:15:06","slug":"sonora-sera-sede-del-primer-congreso-hotelero-empresarial-y-turistico","status":"publish","type":"post","link":"https:\/\/rnoticias.com.mx\/Portal\/2025\/09\/22\/sonora-sera-sede-del-primer-congreso-hotelero-empresarial-y-turistico\/","title":{"rendered":"Sonora ser\u00e1 sede del primer Congreso Hotelero Empresarial y Tur\u00edstico"},"content":{"rendered":"<p>El sector hotelero de Sonora afina detalles para participar en el primer Congreso Hotelero Empresarial y Tur\u00edstico, programado para el jueves 25 de septiembre en el Club Los Lagos de Hermosillo.<\/p>\n<p>&nbsp;<\/p>\n<p>Francisco Laso Castro, presidente de la Asociaci\u00f3n de Hoteles y Moteles de Sonora, detall\u00f3 que el evento ser\u00e1 gratuito y reunir\u00e1 a hoteleros, restauranteros, turoperadores, gu\u00edas y desarrolladores con el prop\u00f3sito de impulsar la competitividad del turismo en la entidad.<\/p>\n<p>&nbsp;<\/p>\n<p>\u201cTodo es una cadena muy importante que suma, para que el d\u00eda de ma\u00f1ana que estemos todos integrados, poder vender m\u00e1s la plaza, poder apoyar m\u00e1s cuando haya, salidas, promociones. El inter\u00e9s de aqu\u00ed es poder cambiarle el chip y no esperar a que nos lleguen los visitantes\u201d, coment\u00f3.<\/p>\n<p>&nbsp;<\/p>\n<p>Abund\u00f3, que la jornada incluir\u00e1 paneles y conferencias de especialistas nacionales, quienes compartir\u00e1n innovaciones tecnol\u00f3gicas y estrategias para mejorar la experiencia del visitante.<\/p>\n<p>&nbsp;<\/p>\n","protected":false},"excerpt":{"rendered":"<p>El sector hotelero de Sonora afina detalles para participar en el primer Congreso Hotelero Empresarial y Tur\u00edstico, programado para el jueves 25 de septiembre en el Club Los Lagos de Hermosillo. &nbsp; Francisco Laso Castro, presidente de la Asociaci\u00f3n de Hoteles y Moteles de Sonora, detall\u00f3 que el evento ser\u00e1 gratuito y reunir\u00e1 a hoteleros, [&hellip;]<\/p>\n","protected":false},"author":2,"featured_media":230022,"comment_status":"closed","ping_status":"closed","sticky":false,"template":"","format":"standard","meta":{"footnotes":""},"categories":[12870,178],"tags":[12865,12869],"class_list":["post-230021","post","type-post","status-publish","format-standard","has-post-thumbnail","hentry","category-destacadas","category-local","tag-destacadas","tag-local"],"jetpack_featured_media_url":"https:\/\/rnoticias.com.mx\/Portal\/wp-content\/uploads\/2025\/09\/hotel-araiza-hermosillo-servicios-f452085-260x173x16x0x228x173x1680213617.webp","amp_enabled":true,"_links":{"self":[{"href":"https:\/\/rnoticias.com.mx\/Portal\/wp-json\/wp\/v2\/posts\/230021","targetHints":{"allow":["GET"]}}],"collection":[{"href":"https:\/\/rnoticias.com.mx\/Portal\/wp-json\/wp\/v2\/posts"}],"about":[{"href":"https:\/\/rnoticias.com.mx\/Portal\/wp-json\/wp\/v2\/types\/post"}],"author":[{"embeddable":true,"href":"https:\/\/rnoticias.com.mx\/Portal\/wp-json\/wp\/v2\/users\/2"}],"replies":[{"embeddable":true,"href":"https:\/\/rnoticias.com.mx\/Portal\/wp-json\/wp\/v2\/comments?post=230021"}],"version-history":[{"count":1,"href":"https:\/\/rnoticias.com.mx\/Portal\/wp-json\/wp\/v2\/posts\/230021\/revisions"}],"predecessor-version":[{"id":230023,"href":"https:\/\/rnoticias.com.mx\/Portal\/wp-json\/wp\/v2\/posts\/230021\/revisions\/230023"}],"wp:featuredmedia":[{"embeddable":true,"href":"https:\/\/rnoticias.com.mx\/Portal\/wp-json\/wp\/v2\/media\/230022"}],"wp:attachment":[{"href":"https:\/\/rnoticias.com.mx\/Portal\/wp-json\/wp\/v2\/media?parent=230021"}],"wp:term":[{"taxonomy":"category","embeddable":true,"href":"https:\/\/rnoticias.com.mx\/Portal\/wp-json\/wp\/v2\/categories?post=230021"},{"taxonomy":"post_tag","embeddable":true,"href":"https:\/\/rnoticias.com.mx\/Portal\/wp-json\/wp\/v2\/tags?post=230021"}],"curies":[{"name":"wp","href":"https:\/\/api.w.org\/{rel}","templated":true}]}}