{"id":230018,"date":"2025-09-22T17:10:38","date_gmt":"2025-09-23T00:10:38","guid":{"rendered":"https:\/\/rnoticias.com.mx\/Portal\/?p=230018"},"modified":"2025-09-22T17:10:38","modified_gmt":"2025-09-23T00:10:38","slug":"deficit-de-especialistas-amenaza-funcionamiento-de-nuevos-hospitales-del-imss-en-sonora-ctm","status":"publish","type":"post","link":"https:\/\/rnoticias.com.mx\/Portal\/2025\/09\/22\/deficit-de-especialistas-amenaza-funcionamiento-de-nuevos-hospitales-del-imss-en-sonora-ctm\/","title":{"rendered":"D\u00e9ficit de especialistas amenaza funcionamiento de nuevos hospitales del IMSS en Sonora: CTM"},"content":{"rendered":"<p>Aunque en Sonora avanzan los proyectos hospitalarios del IMSS, la carencia de personal m\u00e9dico amenaza con poner en riesgo su operatividad, asever\u00f3 Javier Villareal G\u00e1mez.<\/p>\n<p>&nbsp;<\/p>\n<p>El representante en Sonora de la Confederaci\u00f3n de Trabajadores de M\u00e9xico (CTM) advirti\u00f3 que sin una estrategia inmediata para atraer y retener especialistas, la apertura de nuevas unidades quedar\u00e1 en entredicho.<\/p>\n<p>&nbsp;<\/p>\n<p>\u201cEn el tema de medicamentos seguimos batallando, lo mismo con especialistas, no hay suficientes m\u00e9dicos especialistas y seguimos insistiendo. Ha llegado a faltar hasta 500, aunque ahorita faltan unos 250, pero no puede ser porque cuando se abra el hospital de Navojoa y el de Hermosillo, entonces nos van a faltar m\u00e1s m\u00e9dicos\u201d, afirm\u00f3.<\/p>\n<p>&nbsp;<\/p>\n<p>Igualmente, llam\u00f3 a nombre de la CTM Sonora al gobierno federal a revisar los esquemas de pensiones y jubilaciones que, seg\u00fan el gremio, han desincentivado la contrataci\u00f3n en el sector p\u00fablico.<\/p>\n","protected":false},"excerpt":{"rendered":"<p>Aunque en Sonora avanzan los proyectos hospitalarios del IMSS, la carencia de personal m\u00e9dico amenaza con poner en riesgo su operatividad, asever\u00f3 Javier Villareal G\u00e1mez. &nbsp; El representante en Sonora de la Confederaci\u00f3n de Trabajadores de M\u00e9xico (CTM) advirti\u00f3 que sin una estrategia inmediata para atraer y retener especialistas, la apertura de nuevas unidades quedar\u00e1 [&hellip;]<\/p>\n","protected":false},"author":2,"featured_media":230019,"comment_status":"closed","ping_status":"closed","sticky":false,"template":"","format":"standard","meta":{"footnotes":""},"categories":[12870,178],"tags":[12865,12869],"class_list":["post-230018","post","type-post","status-publish","format-standard","has-post-thumbnail","hentry","category-destacadas","category-local","tag-destacadas","tag-local"],"jetpack_featured_media_url":"https:\/\/rnoticias.com.mx\/Portal\/wp-content\/uploads\/2025\/09\/6886695c120a1__400x209.webp","amp_enabled":true,"_links":{"self":[{"href":"https:\/\/rnoticias.com.mx\/Portal\/wp-json\/wp\/v2\/posts\/230018","targetHints":{"allow":["GET"]}}],"collection":[{"href":"https:\/\/rnoticias.com.mx\/Portal\/wp-json\/wp\/v2\/posts"}],"about":[{"href":"https:\/\/rnoticias.com.mx\/Portal\/wp-json\/wp\/v2\/types\/post"}],"author":[{"embeddable":true,"href":"https:\/\/rnoticias.com.mx\/Portal\/wp-json\/wp\/v2\/users\/2"}],"replies":[{"embeddable":true,"href":"https:\/\/rnoticias.com.mx\/Portal\/wp-json\/wp\/v2\/comments?post=230018"}],"version-history":[{"count":1,"href":"https:\/\/rnoticias.com.mx\/Portal\/wp-json\/wp\/v2\/posts\/230018\/revisions"}],"predecessor-version":[{"id":230020,"href":"https:\/\/rnoticias.com.mx\/Portal\/wp-json\/wp\/v2\/posts\/230018\/revisions\/230020"}],"wp:featuredmedia":[{"embeddable":true,"href":"https:\/\/rnoticias.com.mx\/Portal\/wp-json\/wp\/v2\/media\/230019"}],"wp:attachment":[{"href":"https:\/\/rnoticias.com.mx\/Portal\/wp-json\/wp\/v2\/media?parent=230018"}],"wp:term":[{"taxonomy":"category","embeddable":true,"href":"https:\/\/rnoticias.com.mx\/Portal\/wp-json\/wp\/v2\/categories?post=230018"},{"taxonomy":"post_tag","embeddable":true,"href":"https:\/\/rnoticias.com.mx\/Portal\/wp-json\/wp\/v2\/tags?post=230018"}],"curies":[{"name":"wp","href":"https:\/\/api.w.org\/{rel}","templated":true}]}}