{"id":229993,"date":"2025-09-22T15:06:57","date_gmt":"2025-09-22T22:06:57","guid":{"rendered":"https:\/\/rnoticias.com.mx\/Portal\/?p=229993"},"modified":"2025-09-22T15:06:57","modified_gmt":"2025-09-22T22:06:57","slug":"la-delegacion-de-sonora-entrara-en-accion-en-la-paralimpiada-nacional-2025","status":"publish","type":"post","link":"https:\/\/rnoticias.com.mx\/Portal\/2025\/09\/22\/la-delegacion-de-sonora-entrara-en-accion-en-la-paralimpiada-nacional-2025\/","title":{"rendered":"La delegaci\u00f3n de Sonora entrar\u00e1 en acci\u00f3n en la Paralimpiada Nacional 2025"},"content":{"rendered":"<p>Hermosillo, Sonora, 22 de septiembre del 2025.- La delegaci\u00f3n de Sonora est\u00e1 lista para iniciar este lunes su actuaci\u00f3n en la Paralimpiada Nacional 2025, con sede en Aguascalientes, Aguascalientes, en donde participar\u00e1 en seis deportes adaptados del 22 de septiembre al 12 de octubre.<\/p>\n<p>En la Paralimpiada Nacional 2025 la selecci\u00f3n sonorense competir\u00e1 en paranataci\u00f3n, boccia, paratenis de mesa, paratletismo, golbol y paratriatl\u00f3n, con un contingente de 76 paratletas, quienes buscar\u00e1n preseas en las categor\u00edas infantiles y juveniles en las dos ramas.<\/p>\n<p>Las primeras disciplinas en ponerse en marcha en la capital aguascalentense ser\u00e1n la paranataci\u00f3n y el boccia, que tendr\u00e1n su actividad entre el 22 y 25 de septiembre, con la actuaci\u00f3n de 17 paratletas sonorenses (nueve en la primera y ocho en la segunda).<\/p>\n<p>Posteriormente entrar\u00e1n a escena el paratenis de mesa y el golbol, los cuales est\u00e1n programados del 30 de septiembre al 3 de octubre; en ese par de disciplinas competir\u00e1n un total de nueve paratletas de nuestra entidad.<\/p>\n<p>Despu\u00e9s seguir\u00e1 el paratletismo, que estar\u00e1 dividido en dos etapas: en la primera (4, 5 y 6 de octubre) ver\u00e1n acci\u00f3n los paratletas de la categor\u00eda Juvenil Menor y en la segunda (los d\u00edas 8, 9 y 10 del mismo mes) lo har\u00e1n los Juveniles Mayores y Superiores; en total competir\u00e1n 50 sonorenses. Asimismo, la Paralimpiada Nacional se cerrar\u00e1 con el paratriatl\u00f3n (a celebrarse el 12), ah\u00ed Sonora tendr\u00e1 a un participante, quien tambi\u00e9n entrar\u00e1 a la piscina en la paranataci\u00f3n.<\/p>\n","protected":false},"excerpt":{"rendered":"<p>Hermosillo, Sonora, 22 de septiembre del 2025.- La delegaci\u00f3n de Sonora est\u00e1 lista para iniciar este lunes su actuaci\u00f3n en la Paralimpiada Nacional 2025, con sede en Aguascalientes, Aguascalientes, en donde participar\u00e1 en seis deportes adaptados del 22 de septiembre al 12 de octubre. En la Paralimpiada Nacional 2025 la selecci\u00f3n sonorense competir\u00e1 en paranataci\u00f3n, [&hellip;]<\/p>\n","protected":false},"author":2,"featured_media":229994,"comment_status":"closed","ping_status":"closed","sticky":false,"template":"","format":"standard","meta":{"footnotes":""},"categories":[188,12870],"tags":[5231,12865],"class_list":["post-229993","post","type-post","status-publish","format-standard","has-post-thumbnail","hentry","category-deportes","category-destacadas","tag-deportes","tag-destacadas"],"jetpack_featured_media_url":"https:\/\/rnoticias.com.mx\/Portal\/wp-content\/uploads\/2025\/09\/unnamed-50.jpg","amp_enabled":true,"_links":{"self":[{"href":"https:\/\/rnoticias.com.mx\/Portal\/wp-json\/wp\/v2\/posts\/229993","targetHints":{"allow":["GET"]}}],"collection":[{"href":"https:\/\/rnoticias.com.mx\/Portal\/wp-json\/wp\/v2\/posts"}],"about":[{"href":"https:\/\/rnoticias.com.mx\/Portal\/wp-json\/wp\/v2\/types\/post"}],"author":[{"embeddable":true,"href":"https:\/\/rnoticias.com.mx\/Portal\/wp-json\/wp\/v2\/users\/2"}],"replies":[{"embeddable":true,"href":"https:\/\/rnoticias.com.mx\/Portal\/wp-json\/wp\/v2\/comments?post=229993"}],"version-history":[{"count":1,"href":"https:\/\/rnoticias.com.mx\/Portal\/wp-json\/wp\/v2\/posts\/229993\/revisions"}],"predecessor-version":[{"id":229995,"href":"https:\/\/rnoticias.com.mx\/Portal\/wp-json\/wp\/v2\/posts\/229993\/revisions\/229995"}],"wp:featuredmedia":[{"embeddable":true,"href":"https:\/\/rnoticias.com.mx\/Portal\/wp-json\/wp\/v2\/media\/229994"}],"wp:attachment":[{"href":"https:\/\/rnoticias.com.mx\/Portal\/wp-json\/wp\/v2\/media?parent=229993"}],"wp:term":[{"taxonomy":"category","embeddable":true,"href":"https:\/\/rnoticias.com.mx\/Portal\/wp-json\/wp\/v2\/categories?post=229993"},{"taxonomy":"post_tag","embeddable":true,"href":"https:\/\/rnoticias.com.mx\/Portal\/wp-json\/wp\/v2\/tags?post=229993"}],"curies":[{"name":"wp","href":"https:\/\/api.w.org\/{rel}","templated":true}]}}