{"id":229989,"date":"2025-09-22T13:27:47","date_gmt":"2025-09-22T20:27:47","guid":{"rendered":"https:\/\/rnoticias.com.mx\/Portal\/?p=229989"},"modified":"2025-09-22T13:27:47","modified_gmt":"2025-09-22T20:27:47","slug":"detienen-en-diferentes-zonas-del-estado-a-dos-personas-por-robo-de-cable-telefonico","status":"publish","type":"post","link":"https:\/\/rnoticias.com.mx\/Portal\/2025\/09\/22\/detienen-en-diferentes-zonas-del-estado-a-dos-personas-por-robo-de-cable-telefonico\/","title":{"rendered":"Detienen en diferentes zonas del Estado a dos personas por robo de cable telef\u00f3nico"},"content":{"rendered":"<p>Hermosillo, Son., a 22 de septiembre de 2025. Detienen en diferentes zonas del Estado a dos personas por robo de cable telef\u00f3nico<\/p>\n<p>Las autoridades llevaron a cabo la detenci\u00f3n de dos personas que fueron sorprendidas robando cable telef\u00f3nico propiedad de TELMEX y subsidiarias en diferentes zonas del Estado.<\/p>\n<p>En Hermosillo se lleva a cabo la detenci\u00f3n de un sujeto en flagrancia de un sujeto al interior de un pozo de Telmex en la colonia Quita Emilia.<\/p>\n<p>Por \u00faltimo en Obreg\u00f3n, Sonora un sujeto fue detenido mientras robaba cableado telef\u00f3nico a\u00e9reo en la colonia M\u00e9xico.<\/p>\n<p>Los detenidos fueron puestos a disposici\u00f3n de las autoridades gener\u00e1ndose las Carpetas de Investigaci\u00f3n correspondientes por los delitos de Robo, Da\u00f1o a los Bienes y Ataques a las V\u00edas Generales de Comunicaci\u00f3n, este \u00faltimo considerado delito federal grave que se castiga hasta con 11 a\u00f1os de c\u00e1rcel.<\/p>\n<p>TELMEX seguir\u00e1 trabajando en coordinaci\u00f3n con las autoridades para evitar se siga realizando este tipo de robos.<\/p>\n","protected":false},"excerpt":{"rendered":"<p>Hermosillo, Son., a 22 de septiembre de 2025. Detienen en diferentes zonas del Estado a dos personas por robo de cable telef\u00f3nico Las autoridades llevaron a cabo la detenci\u00f3n de dos personas que fueron sorprendidas robando cable telef\u00f3nico propiedad de TELMEX y subsidiarias en diferentes zonas del Estado. En Hermosillo se lleva a cabo la [&hellip;]<\/p>\n","protected":false},"author":2,"featured_media":229990,"comment_status":"closed","ping_status":"closed","sticky":false,"template":"","format":"standard","meta":{"footnotes":""},"categories":[12870,178],"tags":[12865,12869],"class_list":["post-229989","post","type-post","status-publish","format-standard","has-post-thumbnail","hentry","category-destacadas","category-local","tag-destacadas","tag-local"],"jetpack_featured_media_url":"https:\/\/rnoticias.com.mx\/Portal\/wp-content\/uploads\/2025\/09\/29c6d157-f72e-446e-ad91-4a17b1c72ff7.jpeg","amp_enabled":true,"_links":{"self":[{"href":"https:\/\/rnoticias.com.mx\/Portal\/wp-json\/wp\/v2\/posts\/229989","targetHints":{"allow":["GET"]}}],"collection":[{"href":"https:\/\/rnoticias.com.mx\/Portal\/wp-json\/wp\/v2\/posts"}],"about":[{"href":"https:\/\/rnoticias.com.mx\/Portal\/wp-json\/wp\/v2\/types\/post"}],"author":[{"embeddable":true,"href":"https:\/\/rnoticias.com.mx\/Portal\/wp-json\/wp\/v2\/users\/2"}],"replies":[{"embeddable":true,"href":"https:\/\/rnoticias.com.mx\/Portal\/wp-json\/wp\/v2\/comments?post=229989"}],"version-history":[{"count":1,"href":"https:\/\/rnoticias.com.mx\/Portal\/wp-json\/wp\/v2\/posts\/229989\/revisions"}],"predecessor-version":[{"id":229991,"href":"https:\/\/rnoticias.com.mx\/Portal\/wp-json\/wp\/v2\/posts\/229989\/revisions\/229991"}],"wp:featuredmedia":[{"embeddable":true,"href":"https:\/\/rnoticias.com.mx\/Portal\/wp-json\/wp\/v2\/media\/229990"}],"wp:attachment":[{"href":"https:\/\/rnoticias.com.mx\/Portal\/wp-json\/wp\/v2\/media?parent=229989"}],"wp:term":[{"taxonomy":"category","embeddable":true,"href":"https:\/\/rnoticias.com.mx\/Portal\/wp-json\/wp\/v2\/categories?post=229989"},{"taxonomy":"post_tag","embeddable":true,"href":"https:\/\/rnoticias.com.mx\/Portal\/wp-json\/wp\/v2\/tags?post=229989"}],"curies":[{"name":"wp","href":"https:\/\/api.w.org\/{rel}","templated":true}]}}