{"id":229983,"date":"2025-09-22T13:11:36","date_gmt":"2025-09-22T20:11:36","guid":{"rendered":"https:\/\/rnoticias.com.mx\/Portal\/?p=229983"},"modified":"2025-09-22T13:11:36","modified_gmt":"2025-09-22T20:11:36","slug":"tienen-entes-publicos-hasta-el-30-de-septiembre-para-solventar-observaciones","status":"publish","type":"post","link":"https:\/\/rnoticias.com.mx\/Portal\/2025\/09\/22\/tienen-entes-publicos-hasta-el-30-de-septiembre-para-solventar-observaciones\/","title":{"rendered":"Tienen entes p\u00fablicos hasta el 30 de septiembre para solventar observaciones"},"content":{"rendered":"<p>En Sonora, desde los ayuntamientos, as\u00ed como \u00f3rganos desconectados del Gobierno estatal tienen hasta el 30 de septiembre como fecha l\u00edmite para solventar las observaciones detectadas en la cuenta p\u00fablica del 2024.<\/p>\n<p>Beatriz Huerta Urquijo, auditora mayor del Instituto Superior de Auditor\u00eda y Fiscalizaci\u00f3n (ISAF) en Sonora, dijo que muchos de los entes han estado solventando sus observaciones, desde que se entreg\u00f3 la revisi\u00f3n de la cuenta p\u00fablica al Congreso de Sonora en el mes de agosto.<\/p>\n<p>Se\u00f1al\u00f3 que las observaciones m\u00e1s comunes son aquellas relacionadas por no seguir los procedimientos, por no subir la informaci\u00f3n en tiempo y forma, por no cumplir con diferentes servicios, contables y de recursos humanos.<\/p>\n<p>&#8220;El Congreso lo tiene que votar en octubre, pero si tenemos hasta el 30 de septiembre para que nos presenten la solvencia de las observaciones, que en su mayor\u00eda son por asuntos administrativos&#8221;, se\u00f1al\u00f3 Huerta Urquijo.<\/p>\n<p>DATO<\/p>\n<p>557 observaciones se tuvieron para la Cuenta P\u00fablica del Gobierno del Estado, en la revisi\u00f3n 2024, de la cuales, faltan por solventar un total de 338 y que se tiene hasta el 30 de septiembre para resolverlas, su mayor\u00eda son de car\u00e1cter administrativo y contable.<\/p>\n","protected":false},"excerpt":{"rendered":"<p>En Sonora, desde los ayuntamientos, as\u00ed como \u00f3rganos desconectados del Gobierno estatal tienen hasta el 30 de septiembre como fecha l\u00edmite para solventar las observaciones detectadas en la cuenta p\u00fablica del 2024. Beatriz Huerta Urquijo, auditora mayor del Instituto Superior de Auditor\u00eda y Fiscalizaci\u00f3n (ISAF) en Sonora, dijo que muchos de los entes han estado [&hellip;]<\/p>\n","protected":false},"author":2,"featured_media":229984,"comment_status":"closed","ping_status":"closed","sticky":false,"template":"","format":"standard","meta":{"footnotes":""},"categories":[12870,12868],"tags":[12865,12879],"class_list":["post-229983","post","type-post","status-publish","format-standard","has-post-thumbnail","hentry","category-destacadas","category-politica","tag-destacadas","tag-politica"],"jetpack_featured_media_url":"https:\/\/rnoticias.com.mx\/Portal\/wp-content\/uploads\/2025\/09\/9fd09431-54e1-4db3-b389-bac70608d8bc.jpeg","amp_enabled":true,"_links":{"self":[{"href":"https:\/\/rnoticias.com.mx\/Portal\/wp-json\/wp\/v2\/posts\/229983","targetHints":{"allow":["GET"]}}],"collection":[{"href":"https:\/\/rnoticias.com.mx\/Portal\/wp-json\/wp\/v2\/posts"}],"about":[{"href":"https:\/\/rnoticias.com.mx\/Portal\/wp-json\/wp\/v2\/types\/post"}],"author":[{"embeddable":true,"href":"https:\/\/rnoticias.com.mx\/Portal\/wp-json\/wp\/v2\/users\/2"}],"replies":[{"embeddable":true,"href":"https:\/\/rnoticias.com.mx\/Portal\/wp-json\/wp\/v2\/comments?post=229983"}],"version-history":[{"count":1,"href":"https:\/\/rnoticias.com.mx\/Portal\/wp-json\/wp\/v2\/posts\/229983\/revisions"}],"predecessor-version":[{"id":229985,"href":"https:\/\/rnoticias.com.mx\/Portal\/wp-json\/wp\/v2\/posts\/229983\/revisions\/229985"}],"wp:featuredmedia":[{"embeddable":true,"href":"https:\/\/rnoticias.com.mx\/Portal\/wp-json\/wp\/v2\/media\/229984"}],"wp:attachment":[{"href":"https:\/\/rnoticias.com.mx\/Portal\/wp-json\/wp\/v2\/media?parent=229983"}],"wp:term":[{"taxonomy":"category","embeddable":true,"href":"https:\/\/rnoticias.com.mx\/Portal\/wp-json\/wp\/v2\/categories?post=229983"},{"taxonomy":"post_tag","embeddable":true,"href":"https:\/\/rnoticias.com.mx\/Portal\/wp-json\/wp\/v2\/tags?post=229983"}],"curies":[{"name":"wp","href":"https:\/\/api.w.org\/{rel}","templated":true}]}}