{"id":229977,"date":"2025-09-22T12:46:11","date_gmt":"2025-09-22T19:46:11","guid":{"rendered":"https:\/\/rnoticias.com.mx\/Portal\/?p=229977"},"modified":"2025-09-22T12:46:11","modified_gmt":"2025-09-22T19:46:11","slug":"triunfan-alumnos-sonorenses-en-olimpiada-mexicana-de-matematicas-sec","status":"publish","type":"post","link":"https:\/\/rnoticias.com.mx\/Portal\/2025\/09\/22\/triunfan-alumnos-sonorenses-en-olimpiada-mexicana-de-matematicas-sec\/","title":{"rendered":"Triunfan alumnos sonorenses en Olimpiada Mexicana de Matem\u00e1ticas: SEC"},"content":{"rendered":"<p>Hermosillo, Sonora; 22 de septiembre de 2025.- Con medallas de plata, bronce y menciones honor\u00edficas, estudiantes sonorenses destacaron en la novena Olimpiada Mexicana de Matem\u00e1ticas para Educaci\u00f3n B\u00e1sica (OMMEB), donde representaron con gran talento a la entidad.<\/p>\n<p>Los integrantes de la Delegaci\u00f3n Sonora, conformada por nueve alumnos de primarias y secundarias p\u00fablicas y particulares de diversos municipios del estado, compitieron con m\u00e1s de 270 participantes de 31 entidades del pa\u00eds, en el evento nacional realizado del 18 al 21 de septiembre en Oaxtepec, Morelos.<\/p>\n<p>El secretario de Educaci\u00f3n y Cultura, Froyl\u00e1n G\u00e1mez Gamboa, reconoci\u00f3 el desempe\u00f1o de los integrantes de la Delegaci\u00f3n Sonora, a quienes felicit\u00f3 por el conocimiento y esfuerzo con el que inspiran a m\u00e1s ni\u00f1as, ni\u00f1os y j\u00f3venes a seguir sus sue\u00f1os.<\/p>\n<p>El Gobierno de Sonora, a trav\u00e9s de la Secretar\u00eda de Educaci\u00f3n y Cultura (SEC), en coordinaci\u00f3n con la Universidad de Sonora (Unison), brind\u00f3 respaldo y acompa\u00f1amiento acad\u00e9mico, log\u00edstico y formativo a cada uno de los participantes.<\/p>\n<p>Previo a la competencia nacional, los estudiantes superaron las diferentes etapas eliminatorias del B\u00faho Matem\u00e1tico 2025, competencia organizada por la Unison y la SEC.<\/p>\n<p>Delegaci\u00f3n Sonora<\/p>\n<p>Nivel 1<\/p>\n<p>\u2022 David Sebasti\u00e1n S\u00e1nchez Escobar, menci\u00f3n honor\u00edfica.<\/p>\n<p>\u2022 Luis Oscar Auy\u00f3n Luna, menci\u00f3n honor\u00edfica.<\/p>\n<p>\u2022 Francisco Manuel Valle Kirk, medalla de plata.<\/p>\n<p>Nivel 2<\/p>\n<p>\u2022 Ren\u00e9 Aniello Corella Pi\u00f1a, medalla de bronce.<\/p>\n<p>\u2022 Adri\u00e1n P\u00e9rez Granados, menci\u00f3n honor\u00edfica.<\/p>\n<p>\u2022 Santiago Romero Meneses, menci\u00f3n honor\u00edfica.<\/p>\n<p>Nivel 3<\/p>\n<p>\u2022 Sebasti\u00e1n Preciado Molina, medalla de bronce.<\/p>\n<p>\u2022 Fabi\u00e1n Arturo Granados Ibarra, medalla de plata.<\/p>\n","protected":false},"excerpt":{"rendered":"<p>Hermosillo, Sonora; 22 de septiembre de 2025.- Con medallas de plata, bronce y menciones honor\u00edficas, estudiantes sonorenses destacaron en la novena Olimpiada Mexicana de Matem\u00e1ticas para Educaci\u00f3n B\u00e1sica (OMMEB), donde representaron con gran talento a la entidad. Los integrantes de la Delegaci\u00f3n Sonora, conformada por nueve alumnos de primarias y secundarias p\u00fablicas y particulares de [&hellip;]<\/p>\n","protected":false},"author":2,"featured_media":229978,"comment_status":"closed","ping_status":"closed","sticky":false,"template":"","format":"standard","meta":{"footnotes":""},"categories":[12870,178],"tags":[12865,12869],"class_list":["post-229977","post","type-post","status-publish","format-standard","has-post-thumbnail","hentry","category-destacadas","category-local","tag-destacadas","tag-local"],"jetpack_featured_media_url":"https:\/\/rnoticias.com.mx\/Portal\/wp-content\/uploads\/2025\/09\/34e.jpg","amp_enabled":true,"_links":{"self":[{"href":"https:\/\/rnoticias.com.mx\/Portal\/wp-json\/wp\/v2\/posts\/229977","targetHints":{"allow":["GET"]}}],"collection":[{"href":"https:\/\/rnoticias.com.mx\/Portal\/wp-json\/wp\/v2\/posts"}],"about":[{"href":"https:\/\/rnoticias.com.mx\/Portal\/wp-json\/wp\/v2\/types\/post"}],"author":[{"embeddable":true,"href":"https:\/\/rnoticias.com.mx\/Portal\/wp-json\/wp\/v2\/users\/2"}],"replies":[{"embeddable":true,"href":"https:\/\/rnoticias.com.mx\/Portal\/wp-json\/wp\/v2\/comments?post=229977"}],"version-history":[{"count":1,"href":"https:\/\/rnoticias.com.mx\/Portal\/wp-json\/wp\/v2\/posts\/229977\/revisions"}],"predecessor-version":[{"id":229979,"href":"https:\/\/rnoticias.com.mx\/Portal\/wp-json\/wp\/v2\/posts\/229977\/revisions\/229979"}],"wp:featuredmedia":[{"embeddable":true,"href":"https:\/\/rnoticias.com.mx\/Portal\/wp-json\/wp\/v2\/media\/229978"}],"wp:attachment":[{"href":"https:\/\/rnoticias.com.mx\/Portal\/wp-json\/wp\/v2\/media?parent=229977"}],"wp:term":[{"taxonomy":"category","embeddable":true,"href":"https:\/\/rnoticias.com.mx\/Portal\/wp-json\/wp\/v2\/categories?post=229977"},{"taxonomy":"post_tag","embeddable":true,"href":"https:\/\/rnoticias.com.mx\/Portal\/wp-json\/wp\/v2\/tags?post=229977"}],"curies":[{"name":"wp","href":"https:\/\/api.w.org\/{rel}","templated":true}]}}