{"id":229962,"date":"2025-09-22T12:11:21","date_gmt":"2025-09-22T19:11:21","guid":{"rendered":"https:\/\/rnoticias.com.mx\/Portal\/?p=229962"},"modified":"2025-09-22T12:11:21","modified_gmt":"2025-09-22T19:11:21","slug":"gobierno-de-sonora-informa-que-se-espera-una-semana-de-lluvias-vespertinas-y-altas-temperaturas","status":"publish","type":"post","link":"https:\/\/rnoticias.com.mx\/Portal\/2025\/09\/22\/gobierno-de-sonora-informa-que-se-espera-una-semana-de-lluvias-vespertinas-y-altas-temperaturas\/","title":{"rendered":"Gobierno de Sonora informa que se espera una semana de lluvias vespertinas y altas temperaturas"},"content":{"rendered":"<p>Hermosillo, Sonora; 22 de septiembre de 2025.- El Gobierno de Sonora, a trav\u00e9s de la Coordinaci\u00f3n Estatal de Protecci\u00f3n Civil (CEPC), inform\u00f3 que el pron\u00f3stico para esta semana indica la continuidad de lluvias generadas por el monz\u00f3n mexicano, principalmente en horario vespertino y nocturno, as\u00ed como temperaturas muy elevadas en la entidad.<\/p>\n<p>El posicionamiento de una circulaci\u00f3n anticicl\u00f3nica en niveles medios de la atm\u00f3sfera mantendr\u00e1 un ambiente muy caluroso sobre el noroeste, centro y sur del estado, con temperaturas m\u00e1ximas entre 40 y 45\u00b0C. Debido a la alta presencia de humedad en el ambiente, la sensaci\u00f3n t\u00e9rmica podr\u00eda ser a\u00fan mayor.<\/p>\n<p>A pesar del inicio del oto\u00f1o, en Sonora se espera que las temperaturas contin\u00faen elevadas durante los pr\u00f3ximos d\u00edas.<\/p>\n<p>Armando Casta\u00f1eda S\u00e1nchez, coordinador estatal de Protecci\u00f3n Civil, explic\u00f3 que el monz\u00f3n mexicano, en combinaci\u00f3n con una divergencia, generar\u00e1 tormentas el\u00e9ctricas con lluvias moderadas a fuertes (25 a 50 mm), acompa\u00f1adas de rachas de viento superiores a 60 km\/h, principalmente en horario vespertino y nocturno sobre el norte, noroeste, noreste, este, centro y sur de la entidad.<\/p>\n<p>Asimismo, se inform\u00f3 que un nuevo frente fr\u00edo se aproximar\u00e1 a la frontera noroeste del pa\u00eds durante los d\u00edas 25 y 26 de septiembre, lo que ocasionar\u00e1 fuertes rachas de viento y un ligero descenso en las temperaturas, aunque con sensaci\u00f3n t\u00e9rmica elevada.<\/p>\n<p>Por otro lado, se mantiene en vigilancia la tormenta tropical Narda, localizada en el Oc\u00e9ano Pac\u00edfico, que continuar\u00e1 su trayectoria hacia el oeste-noroeste sin generar efectos directos sobre territorio mexicano por el momento.<\/p>\n<p>Recomendaciones ante lluvias y tormentas:<\/p>\n<p>&#8211; Resguardarse en un lugar seguro durante la presencia de tormentas.<\/p>\n<p>&#8211; Evitar cruzar r\u00edos, arroyos o zonas con encharcamientos.<\/p>\n<p>&#8211; Revisar y mantener limpios los desag\u00fces del hogar.<\/p>\n<p>&#8211; No tirar basura en calles, ya que puede obstruir alcantarillas y provocar inundaciones.<\/p>\n<p>Recomendaciones ante altas temperaturas:<\/p>\n<p>&#8211; Usar gorra o sombrero.<\/p>\n<p>&#8211; Aplicar bloqueador solar.<\/p>\n<p>&#8211; Evitar la exposici\u00f3n prolongada al sol.<\/p>\n<p>&#8211; Mantenerse bien hidratado, prefiriendo agua y evitando bebidas azucaradas.<\/p>\n","protected":false},"excerpt":{"rendered":"<p>Hermosillo, Sonora; 22 de septiembre de 2025.- El Gobierno de Sonora, a trav\u00e9s de la Coordinaci\u00f3n Estatal de Protecci\u00f3n Civil (CEPC), inform\u00f3 que el pron\u00f3stico para esta semana indica la continuidad de lluvias generadas por el monz\u00f3n mexicano, principalmente en horario vespertino y nocturno, as\u00ed como temperaturas muy elevadas en la entidad. El posicionamiento de [&hellip;]<\/p>\n","protected":false},"author":2,"featured_media":229963,"comment_status":"closed","ping_status":"closed","sticky":false,"template":"","format":"standard","meta":{"footnotes":""},"categories":[12870,178],"tags":[12865,12869],"class_list":["post-229962","post","type-post","status-publish","format-standard","has-post-thumbnail","hentry","category-destacadas","category-local","tag-destacadas","tag-local"],"jetpack_featured_media_url":"https:\/\/rnoticias.com.mx\/Portal\/wp-content\/uploads\/2025\/09\/2877.jpg","amp_enabled":true,"_links":{"self":[{"href":"https:\/\/rnoticias.com.mx\/Portal\/wp-json\/wp\/v2\/posts\/229962","targetHints":{"allow":["GET"]}}],"collection":[{"href":"https:\/\/rnoticias.com.mx\/Portal\/wp-json\/wp\/v2\/posts"}],"about":[{"href":"https:\/\/rnoticias.com.mx\/Portal\/wp-json\/wp\/v2\/types\/post"}],"author":[{"embeddable":true,"href":"https:\/\/rnoticias.com.mx\/Portal\/wp-json\/wp\/v2\/users\/2"}],"replies":[{"embeddable":true,"href":"https:\/\/rnoticias.com.mx\/Portal\/wp-json\/wp\/v2\/comments?post=229962"}],"version-history":[{"count":1,"href":"https:\/\/rnoticias.com.mx\/Portal\/wp-json\/wp\/v2\/posts\/229962\/revisions"}],"predecessor-version":[{"id":229964,"href":"https:\/\/rnoticias.com.mx\/Portal\/wp-json\/wp\/v2\/posts\/229962\/revisions\/229964"}],"wp:featuredmedia":[{"embeddable":true,"href":"https:\/\/rnoticias.com.mx\/Portal\/wp-json\/wp\/v2\/media\/229963"}],"wp:attachment":[{"href":"https:\/\/rnoticias.com.mx\/Portal\/wp-json\/wp\/v2\/media?parent=229962"}],"wp:term":[{"taxonomy":"category","embeddable":true,"href":"https:\/\/rnoticias.com.mx\/Portal\/wp-json\/wp\/v2\/categories?post=229962"},{"taxonomy":"post_tag","embeddable":true,"href":"https:\/\/rnoticias.com.mx\/Portal\/wp-json\/wp\/v2\/tags?post=229962"}],"curies":[{"name":"wp","href":"https:\/\/api.w.org\/{rel}","templated":true}]}}