{"id":229951,"date":"2025-09-20T16:58:19","date_gmt":"2025-09-20T23:58:19","guid":{"rendered":"https:\/\/rnoticias.com.mx\/Portal\/?p=229951"},"modified":"2025-09-20T16:58:19","modified_gmt":"2025-09-20T23:58:19","slug":"gobernador-durazo-lidera-en-electromovilidad-primera-electrolinera-publica-registra-mas-de-3-mil-recargas-a-vehiculos","status":"publish","type":"post","link":"https:\/\/rnoticias.com.mx\/Portal\/2025\/09\/20\/gobernador-durazo-lidera-en-electromovilidad-primera-electrolinera-publica-registra-mas-de-3-mil-recargas-a-vehiculos\/","title":{"rendered":"Gobernador Durazo lidera en electromovilidad; primera Electrolinera P\u00fablica registra m\u00e1s de 3 mil recargas a veh\u00edculos"},"content":{"rendered":"<p>Hermosillo, Sonora; 20 de septiembre de 2025.- A cuatro meses desde su inauguraci\u00f3n, la Electrolinera P\u00fablica del Gobierno del Estado ha realizado 3 mil recargas con tiempos de espera m\u00ednimos, atendiendo en promedio a 45 veh\u00edculos diarios inform\u00f3 el gobernador Alfonso Durazo Monta\u00f1o.<\/p>\n<p>Este proyecto, dijo, ha generado un ahorro econ\u00f3mico directo superior a 1.35 millones de pesos en combustible y ha evitado la emisi\u00f3n de m\u00e1s de 130 toneladas de CO\u2082, lo que equivale a sacar de circulaci\u00f3n 28 autos durante un a\u00f1o completo.<\/p>\n<p>\u201cCon la primera Electrolinera P\u00fablica en Sonora marcamos un antes y un despu\u00e9s en el sistema de transporte del estado; no solo generamos ahorros para las familias, tambi\u00e9n reducimos emisiones contaminantes y consolidamos a Sonora como l\u00edder en electromovilidad\u201d, destac\u00f3 el gobernador Durazo Monta\u00f1o.<\/p>\n<p>En mayo de 2025, el mandatario estatal inaugur\u00f3 esta infraestructura equipada con cargadores r\u00e1pidos, marcando un antes y un despu\u00e9s en el sistema de transporte de la entidad. Con esta acci\u00f3n, Sonora se convirti\u00f3 en la quinta entidad del pa\u00eds en contar con este tipo de servicio, como parte de la estrategia del Plan Sonora para impulsar la electromovilidad y la sustentabilidad.<\/p>\n<p>La electrolinera tiene capacidad para cargar hasta 160 veh\u00edculos el\u00e9ctricos al d\u00eda, lo que representa una reducci\u00f3n potencial de 138 mil toneladas de di\u00f3xido de carbono en comparaci\u00f3n con autos de gasolina. Asimismo, durante la noche puede abastecer hasta 21 autobuses el\u00e9ctricos, eliminando aproximadamente 2,700 toneladas de CO\u2082 al a\u00f1o.<\/p>\n","protected":false},"excerpt":{"rendered":"<p>Hermosillo, Sonora; 20 de septiembre de 2025.- A cuatro meses desde su inauguraci\u00f3n, la Electrolinera P\u00fablica del Gobierno del Estado ha realizado 3 mil recargas con tiempos de espera m\u00ednimos, atendiendo en promedio a 45 veh\u00edculos diarios inform\u00f3 el gobernador Alfonso Durazo Monta\u00f1o. Este proyecto, dijo, ha generado un ahorro econ\u00f3mico directo superior a 1.35 [&hellip;]<\/p>\n","protected":false},"author":2,"featured_media":229952,"comment_status":"closed","ping_status":"closed","sticky":false,"template":"","format":"standard","meta":{"footnotes":""},"categories":[12870,178],"tags":[12865,12869],"class_list":["post-229951","post","type-post","status-publish","format-standard","has-post-thumbnail","hentry","category-destacadas","category-local","tag-destacadas","tag-local"],"jetpack_featured_media_url":"https:\/\/rnoticias.com.mx\/Portal\/wp-content\/uploads\/2025\/09\/2s.jpeg","amp_enabled":true,"_links":{"self":[{"href":"https:\/\/rnoticias.com.mx\/Portal\/wp-json\/wp\/v2\/posts\/229951","targetHints":{"allow":["GET"]}}],"collection":[{"href":"https:\/\/rnoticias.com.mx\/Portal\/wp-json\/wp\/v2\/posts"}],"about":[{"href":"https:\/\/rnoticias.com.mx\/Portal\/wp-json\/wp\/v2\/types\/post"}],"author":[{"embeddable":true,"href":"https:\/\/rnoticias.com.mx\/Portal\/wp-json\/wp\/v2\/users\/2"}],"replies":[{"embeddable":true,"href":"https:\/\/rnoticias.com.mx\/Portal\/wp-json\/wp\/v2\/comments?post=229951"}],"version-history":[{"count":1,"href":"https:\/\/rnoticias.com.mx\/Portal\/wp-json\/wp\/v2\/posts\/229951\/revisions"}],"predecessor-version":[{"id":229953,"href":"https:\/\/rnoticias.com.mx\/Portal\/wp-json\/wp\/v2\/posts\/229951\/revisions\/229953"}],"wp:featuredmedia":[{"embeddable":true,"href":"https:\/\/rnoticias.com.mx\/Portal\/wp-json\/wp\/v2\/media\/229952"}],"wp:attachment":[{"href":"https:\/\/rnoticias.com.mx\/Portal\/wp-json\/wp\/v2\/media?parent=229951"}],"wp:term":[{"taxonomy":"category","embeddable":true,"href":"https:\/\/rnoticias.com.mx\/Portal\/wp-json\/wp\/v2\/categories?post=229951"},{"taxonomy":"post_tag","embeddable":true,"href":"https:\/\/rnoticias.com.mx\/Portal\/wp-json\/wp\/v2\/tags?post=229951"}],"curies":[{"name":"wp","href":"https:\/\/api.w.org\/{rel}","templated":true}]}}